{"id":1322,"date":"2008-10-04T00:01:43","date_gmt":"2008-10-03T22:01:43","guid":{"rendered":"http:\/\/www.willizblog.de\/?p=1322"},"modified":"2008-10-03T15:49:41","modified_gmt":"2008-10-03T13:49:41","slug":"jethro-tull-live-in-baden-baden-1999","status":"publish","type":"post","link":"https:\/\/willizblog.de\/?p=1322","title":{"rendered":"Jethro Tull live in Baden-Baden 1999"},"content":{"rendered":"<p>Im Rahmen der Sendereihe \u201eOhne Filter Extra\u201c nahm der <a href=\"http:\/\/www.swr.de\/\" target=\"_blank\">S\u00fcdwestrundfunk SWR<\/a> in Baden-Baden im TV Studio 5 am 15. Juni 1999 ein einst\u00fcndiges Konzert der Gruppe Jethro Tull auf. Das Konzert wurde sp\u00e4ter auch \u00fcber den TV-Sender <a href=\"http:\/\/www.einsfestival.de\/startseite.jsp\" target=\"_blank\">EinsFestival<\/a>, einem Digital-Sender der ARD, ausgestrahlt.<\/p>\n<p>Trotz Kabelfernsehen empfangen wir hier im Norden den Sender SWR leider nicht. Und zu digitalem TV hat es bei mir zu Hause bisher nicht gereicht (vieles nehme ich ansonsten \u00fcber TV-Karte direkt \u00fcber meinen PC auf). Aber man hat ja so seine Quellen (Tauschquellen), \u00fcber deren eine ich zu dem in bester digitaler Qualit\u00e4t aufgenommenen Mitschnitt gekommen bin. Mithin habe ich mir jetzt auch mit diesem Konzert von Jethro Tull die M\u00fche gemacht, das Video in seine Bestandteile (d.h. einzelnen Lieder) zu zerlegen und bei youtube (wo eigentlich sonst) dem werten Publikum zur Verf\u00fcgung zu stellen.<\/p>\n<p>Setlist des Konzertes:<\/p>\n<p><em>01 Steel Monkey<br \/>\n02 Spiral<br \/>\n03 A New Day Yesterday (w. flute solo, incl. Kelpie)<br \/>\n04 Fat Man<br \/>\n05 Bour\u00e9e<br \/>\n06 Flying Dutchman (intro)\/My God<br \/>\n07 Passion Jig<br \/>\n08 Budapest<br \/>\n09 Locomotive Breath<br \/>\n10 Living in the Past with Balloons<\/em><\/p>\n<p>Damit versiegen aber auch so langsam meine Ressourcen an alten und neueren visuellen Tull-Aufnahmen. Hier also das Konzert in einer Playlist von 10 Liedern:<\/p>\n<p><object width=\"480\" height=\"385\"><param name=\"movie\" value=\"http:\/\/de.youtube.com\/p\/B47EA856468AD6F4\"><\/param><embed src=\"http:\/\/de.youtube.com\/p\/B47EA856468AD6F4\" type=\"application\/x-shockwave-flash\" width=\"480\" height=\"385\"><\/embed><\/object><br \/>\nJethro Tull live in Baden-Baden 1999<\/p>\n","protected":false},"excerpt":{"rendered":"<p>Im Rahmen der Sendereihe \u201eOhne Filter Extra\u201c nahm der S\u00fcdwestrundfunk SWR in Baden-Baden im TV Studio 5 am 15. Juni 1999 ein einst\u00fcndiges Konzert der Gruppe Jethro Tull auf. Das Konzert wurde sp\u00e4ter auch \u00fcber den TV-Sender EinsFestival, einem Digital-Sender der ARD, ausgestrahlt. Trotz Kabelfernsehen empfangen wir hier im Norden den Sender SWR leider nicht. &hellip; <a href=\"https:\/\/willizblog.de\/?p=1322\" class=\"more-link\"><span class=\"screen-reader-text\">Jethro Tull live in Baden-Baden 1999<\/span> weiterlesen <span class=\"meta-nav\">&rarr;<\/span><\/a><\/p>\n","protected":false},"author":1,"featured_media":0,"comment_status":"open","ping_status":"closed","sticky":false,"template":"","format":"standard","meta":[],"categories":[9],"tags":[],"_links":{"self":[{"href":"https:\/\/willizblog.de\/index.php?rest_route=\/wp\/v2\/posts\/1322"}],"collection":[{"href":"https:\/\/willizblog.de\/index.php?rest_route=\/wp\/v2\/posts"}],"about":[{"href":"https:\/\/willizblog.de\/index.php?rest_route=\/wp\/v2\/types\/post"}],"author":[{"embeddable":true,"href":"https:\/\/willizblog.de\/index.php?rest_route=\/wp\/v2\/users\/1"}],"replies":[{"embeddable":true,"href":"https:\/\/willizblog.de\/index.php?rest_route=%2Fwp%2Fv2%2Fcomments&post=1322"}],"version-history":[{"count":0,"href":"https:\/\/willizblog.de\/index.php?rest_route=\/wp\/v2\/posts\/1322\/revisions"}],"wp:attachment":[{"href":"https:\/\/willizblog.de\/index.php?rest_route=%2Fwp%2Fv2%2Fmedia&parent=1322"}],"wp:term":[{"taxonomy":"category","embeddable":true,"href":"https:\/\/willizblog.de\/index.php?rest_route=%2Fwp%2Fv2%2Fcategories&post=1322"},{"taxonomy":"post_tag","embeddable":true,"href":"https:\/\/willizblog.de\/index.php?rest_route=%2Fwp%2Fv2%2Ftags&post=1322"}],"curies":[{"name":"wp","href":"https:\/\/api.w.org\/{rel}","templated":true}]}}