{"id":1323,"date":"2008-10-05T00:01:38","date_gmt":"2008-10-04T22:01:38","guid":{"rendered":"http:\/\/www.willizblog.de\/?p=1323"},"modified":"2008-10-03T15:57:07","modified_gmt":"2008-10-03T13:57:07","slug":"mein-lieblingsplatz-am-meer","status":"publish","type":"post","link":"https:\/\/willizblog.de\/?p=1323","title":{"rendered":"Mein Lieblingsplatz: Am Meer"},"content":{"rendered":"<p>Es sind nicht nur die Berge, die ich liebe. Als Norddeutscher f\u00fchle ich mich durchaus dem Meer verbunden. So ist neben dem <a href=\"https:\/\/www.willizblog.de\/?p=1280\" target=\"_blank\">\u201eewigen Eis\u201c<\/a> <a href=\"https:\/\/www.albinz.net\/island.html\" target=\"_blank\">Islands<\/a> und der Bergwelt der Alpen (z.B. die <a href=\"https:\/\/www.willizblog.de\/?p=1321\" target=\"_blank\">Zugspitze<\/a> bei <a href=\"https:\/\/www.albinz.net\/grainau.html\" target=\"_blank\">Grainau<\/a>) auch das Meer mit Strand und Wellen ein liebgewordener Platz, um mich von Alltagsn\u00f6ten zu erholen.<\/p>\n<p>Neben Reisen nach <a href=\"https:\/\/www.albinz.net\/spanien.html\" target=\"_blank\">Spanien<\/a> und Italien (z.B. <a href=\"https:\/\/www.albinz.net\/sizilien.html\" target=\"_blank\">Sizilien<\/a>, <a href=\"https:\/\/www.albinz.net\/kalabrien.html\" target=\"_blank\">Kalabrien<\/a> mit <a href=\"https:\/\/www.albinz.net\/aeol.html\" target=\"_blank\">\u00c4olischen Inseln<\/a>), die mich mit meinen Lieben auch immer ans Meer brachten, sind es besonders zwei Reisen, die ich mit der rauen See verbinde.<\/p>\n<p>Im Jahr 2004 hatten wir keinen gro\u00dfen Urlaub geplant und sind dann mitten in den Ferien und meinem Urlaub spontan f\u00fcr vier Tage zur einzigsten deutschen Hochseeinsel <a href=\"https:\/\/www.albinz.net\/helgoland.html\" target=\"_blank\">Helgoland<\/a> gefahren. Wir hatten wundervolles Sommerwetter erwischt, sodass der Aufenthalt dort, trotz der Beengtheit der Insel, zu einem besonderem Erlebnis wurde.<\/p>\n<p>2005 wurde es dann ein gr\u00f6\u00dferer Urlaub von knapp vier Wochen in <a href=\"https:\/\/www.albinz.net\/schottland2005.html\" target=\"_blank\">Schottland<\/a>. Dieses Land besticht durch seine Bens und Lochs, seine Berge und Seen bzw. Fjorde. Die letzten acht Tage verbrachten wir auf der Isle of Skye, also unmittelbar am Meer. Aber schon zuvor waren wir mehrere Tage an der Nordsee im kleinen Ort Stonehaven.<\/p>\n<table border=\"0\" cellpadding=\"5\" cellspacing=\"0\" width=\"100%\">\n<tr>\n<td width=\"50%\">\n<p align=\"center\"><a href=\"https:\/\/www.albinz.net\/images\/helgoland007.jpg\" target=\"_blank\"><img loading=\"lazy\" border=\"0\" src=\"https:\/\/www.albinz.net\/images\/helgoland007k.jpg\" alt=\"Helgoland 2004\" width=\"270\" height=\"180\"><\/a><\/td>\n<td width=\"50%\">\n<p align=\"center\"><a href=\"https:\/\/www.albinz.net\/images\/helgoland018.jpg\" target=\"_blank\"><img loading=\"lazy\" border=\"0\" src=\"https:\/\/www.albinz.net\/images\/helgoland018k.jpg\" alt=\"Helgoland 2004\" width=\"270\" height=\"180\"><\/a><\/td>\n<\/tr>\n<tr>\n<td width=\"100%\" colspan=\"2\">\n<p align=\"center\"><font face=\"Lucida Grande, Lucida Sans Unicode, Verdana, sans-serif\" size=\"2\">Helgoland 2004<\/font><\/td>\n<\/tr>\n<tr>\n<td width=\"50%\">\n<p align=\"center\"><img loading=\"lazy\" border=\"0\" src=\"https:\/\/www.willizblog.de\/blogpicts\/schottland_2005_stonehaven01.jpg\" alt=\"Schottland (Stonehaven) 2005\" width=\"270\" height=\"181\"><\/td>\n<td width=\"50%\">\n<p align=\"center\"><img loading=\"lazy\" border=\"0\" src=\"https:\/\/www.willizblog.de\/blogpicts\/schottland_2005_stonehaven02.jpg\" alt=\"Schottland (Stonehaven) 2005\" width=\"270\" height=\"181\"><\/td>\n<\/tr>\n<tr>\n<td width=\"100%\" colspan=\"2\">\n<p align=\"center\"><font face=\"Lucida Grande, Lucida Sans Unicode, Verdana, sans-serif\" size=\"2\">Schottland (Stonehaven) 2005<\/font><\/td>\n<\/tr>\n<\/table>\n<p><em>Schottland hat mich immer wieder angezogen. Und die Reise 2005 d\u00fcrfte nicht unbedingt die letzte gewesen sein. Helgoland habe ich auf ganz spezielle Weise lieben gelernt. Und so k\u00f6nnen meine Frau und ich uns vorstellen, vielleicht dort eines Tages unseren Altersruhesitz zu w\u00e4hlen.<\/em><\/p>\n","protected":false},"excerpt":{"rendered":"<p>Es sind nicht nur die Berge, die ich liebe. Als Norddeutscher f\u00fchle ich mich durchaus dem Meer verbunden. So ist neben dem \u201eewigen Eis\u201c Islands und der Bergwelt der Alpen (z.B. die Zugspitze bei Grainau) auch das Meer mit Strand und Wellen ein liebgewordener Platz, um mich von Alltagsn\u00f6ten zu erholen. Neben Reisen nach Spanien &hellip; <a href=\"https:\/\/willizblog.de\/?p=1323\" class=\"more-link\"><span class=\"screen-reader-text\">Mein Lieblingsplatz: Am Meer<\/span> weiterlesen <span class=\"meta-nav\">&rarr;<\/span><\/a><\/p>\n","protected":false},"author":1,"featured_media":0,"comment_status":"open","ping_status":"closed","sticky":false,"template":"","format":"standard","meta":[],"categories":[10,25,20],"tags":[],"_links":{"self":[{"href":"https:\/\/willizblog.de\/index.php?rest_route=\/wp\/v2\/posts\/1323"}],"collection":[{"href":"https:\/\/willizblog.de\/index.php?rest_route=\/wp\/v2\/posts"}],"about":[{"href":"https:\/\/willizblog.de\/index.php?rest_route=\/wp\/v2\/types\/post"}],"author":[{"embeddable":true,"href":"https:\/\/willizblog.de\/index.php?rest_route=\/wp\/v2\/users\/1"}],"replies":[{"embeddable":true,"href":"https:\/\/willizblog.de\/index.php?rest_route=%2Fwp%2Fv2%2Fcomments&post=1323"}],"version-history":[{"count":0,"href":"https:\/\/willizblog.de\/index.php?rest_route=\/wp\/v2\/posts\/1323\/revisions"}],"wp:attachment":[{"href":"https:\/\/willizblog.de\/index.php?rest_route=%2Fwp%2Fv2%2Fmedia&parent=1323"}],"wp:term":[{"taxonomy":"category","embeddable":true,"href":"https:\/\/willizblog.de\/index.php?rest_route=%2Fwp%2Fv2%2Fcategories&post=1323"},{"taxonomy":"post_tag","embeddable":true,"href":"https:\/\/willizblog.de\/index.php?rest_route=%2Fwp%2Fv2%2Ftags&post=1323"}],"curies":[{"name":"wp","href":"https:\/\/api.w.org\/{rel}","templated":true}]}}