{"id":1334,"date":"2008-10-13T07:39:31","date_gmt":"2008-10-13T05:39:31","guid":{"rendered":"http:\/\/www.willizblog.de\/?p=1334"},"modified":"2008-10-13T10:06:01","modified_gmt":"2008-10-13T08:06:01","slug":"fast-unterschlagene-beitrage-%e2%80%93-teil-11","status":"publish","type":"post","link":"https:\/\/willizblog.de\/?p=1334","title":{"rendered":"(Fast) unterschlagene Beitr\u00e4ge \u2013 Teil 11"},"content":{"rendered":"<p><a href=\"http:\/\/www.heute.de\/ZDFsport\/inhalt\/14\/0,5676,7390190,00.html\" target=\"_blank\">L\u00f6w schasst Kuranyi<\/a><\/p>\n<p>Da der nicht nominierte Kuranyi w\u00e4hrend des L\u00e4nderspiels der deutschen Nationalmannschaft gegen Russland das Stadion verlassen hatte, wirft ihn nun der Bundestrainer Joachim L\u00f6w aus der Mannschaft.<\/p>\n<p>Ich bin kein Fan von Kevin Kuranyi, aber so ganz verstehe ich das nicht: Wenn er nicht nominiert war, also nicht direkt zur Mannschaft geh\u00f6rte, dann kann er doch machen was er will, oder? Also auch das Stadion verlassen, wann er es will.<\/p>\n<p>Entpuppt sich der so freundliche L\u00f6w nun als kleiner Tyrann? Auch der Bremer Torsten Frings wurde von L\u00f6w gebeutelt. Okay, es gibt f\u00fcr keinen der Spieler eine Stammplatzgarantie. Im Fall des Bremers verhielt es sich aber ganz besonders: Etwas zu schroff hatte dieser sich wohl zuletzt zu Mitspielern ge\u00e4u\u00dfert, die ihre F\u00fchrungsanspr\u00fcche im Mittelfeld angemeldet hatten: &#8222;Nicht nur reden, da muss auch mal was kommen.&#8220; Das d\u00fcrfte L\u00f6w, der keine \u00f6ffentliche Kritik zwischen Spielern mag, sehr missfallen haben. Hinzu kommt, dass sich zuletzt Kapit\u00e4n Michael Ballack f\u00fcr seinen alten Mitstreiter Frings stark gemacht hatte und damit an der Entscheidungskompetenz seines Vorgesetzten zumindest ger\u00fcttelt hatte.<\/p>\n<p><a href=\"http:\/\/www.heute.de\/ZDFheute\/inhalt\/5\/0,3672,7390277,00.html\" target=\"_blank\">Reich-Ranicki und das Fernsehen<\/a><\/p>\n<p>Dass er ein rechter B\u00fccherwurm ist, wissen wir alle. Und wenn er schon einmal Fernsehen guckt, dann nat\u00fcrlich Arte. Jetzt sollte er einen Ehrenpreis bei der deutschen Fernsehpreisverleihung bekommen. Nach drei Stunden Wartezeit kam er endlich dran. Und da hatte er genug von dem ganzen Zirkus. Er nahm den Preis nicht an. Ein Skandal? Mitnichten!<\/p>\n<p>Ich bin auch kein gro\u00dfer Freund von Marcel Reich-Ranicki. Was er sich in seinen Literaturkritiken manchmal herausnimmt, ist eine Frechheit. Martin Walsers rechnet in seinem Roman <a href=\"https:\/\/de.wikipedia.org\/wiki\/Tod_eines_Kritikers\" target=\"_blank\">\u201eTod einer Kritikers\u201c<\/a> entsprechend mit seinem langj\u00e4hrigen Kritiker Marcel Reich-Ranicki ab.<\/p>\n<p>Was aber dies Sich-selbst-Feiern der TV-Sender betrifft, da kann ich Herrn Reich-Ranicki nur zustimmen: <a href=\"http:\/\/www.zdf.de\/ZDFmediathek\/content\/606910?inPopup=true\" target=\"_blank\">\u201eBl\u00f6dsinn\u201c und &#8222;\u00fcberfl\u00fcssig&#8220;<\/a>.<\/p>\n<p><a href=\"http:\/\/www.heute.de\/ZDFheute\/inhalt\/19\/0,3672,7390323,00.html\" target=\"_blank\">Haider mit 142 km\/h in den Tod<\/a><\/p>\n<p>Mit 142 km\/h rast der 58-j\u00e4hrige K\u00e4rntner Landeshauptmann J\u00f6rg Haider in den Tod \u2013 dort wo nur 70 km\/h erlaubt sind. Der Rechtspopulist h\u00e4tte sich nicht zu sehr auf seinen <a href=\"http:\/\/www.myvideo.de\/watch\/274057\/Guckst_du_weita_Tuerk_Deutsch_Navigator_und_Nazigator\" target=\"_blank\">Nazigator<\/a> verlassen sollen, der immer wieder nur nach rrrrrechts und das m\u00f6glichst sssssschnell will.<\/p>\n","protected":false},"excerpt":{"rendered":"<p>L\u00f6w schasst Kuranyi Da der nicht nominierte Kuranyi w\u00e4hrend des L\u00e4nderspiels der deutschen Nationalmannschaft gegen Russland das Stadion verlassen hatte, wirft ihn nun der Bundestrainer Joachim L\u00f6w aus der Mannschaft. Ich bin kein Fan von Kevin Kuranyi, aber so ganz verstehe ich das nicht: Wenn er nicht nominiert war, also nicht direkt zur Mannschaft geh\u00f6rte, &hellip; <a href=\"https:\/\/willizblog.de\/?p=1334\" class=\"more-link\"><span class=\"screen-reader-text\">(Fast) unterschlagene Beitr\u00e4ge \u2013 Teil 11<\/span> weiterlesen <span class=\"meta-nav\">&rarr;<\/span><\/a><\/p>\n","protected":false},"author":1,"featured_media":0,"comment_status":"open","ping_status":"closed","sticky":false,"template":"","format":"standard","meta":[],"categories":[7,12,4],"tags":[],"_links":{"self":[{"href":"https:\/\/willizblog.de\/index.php?rest_route=\/wp\/v2\/posts\/1334"}],"collection":[{"href":"https:\/\/willizblog.de\/index.php?rest_route=\/wp\/v2\/posts"}],"about":[{"href":"https:\/\/willizblog.de\/index.php?rest_route=\/wp\/v2\/types\/post"}],"author":[{"embeddable":true,"href":"https:\/\/willizblog.de\/index.php?rest_route=\/wp\/v2\/users\/1"}],"replies":[{"embeddable":true,"href":"https:\/\/willizblog.de\/index.php?rest_route=%2Fwp%2Fv2%2Fcomments&post=1334"}],"version-history":[{"count":0,"href":"https:\/\/willizblog.de\/index.php?rest_route=\/wp\/v2\/posts\/1334\/revisions"}],"wp:attachment":[{"href":"https:\/\/willizblog.de\/index.php?rest_route=%2Fwp%2Fv2%2Fmedia&parent=1334"}],"wp:term":[{"taxonomy":"category","embeddable":true,"href":"https:\/\/willizblog.de\/index.php?rest_route=%2Fwp%2Fv2%2Fcategories&post=1334"},{"taxonomy":"post_tag","embeddable":true,"href":"https:\/\/willizblog.de\/index.php?rest_route=%2Fwp%2Fv2%2Ftags&post=1334"}],"curies":[{"name":"wp","href":"https:\/\/api.w.org\/{rel}","templated":true}]}}