{"id":1335,"date":"2008-10-14T00:01:22","date_gmt":"2008-10-13T22:01:22","guid":{"rendered":"http:\/\/www.willizblog.de\/?p=1335"},"modified":"2010-03-15T13:19:33","modified_gmt":"2010-03-15T12:19:33","slug":"amy-mcdonald-%e2%80%93-neue-stimme-am-folkrock-horizont","status":"publish","type":"post","link":"https:\/\/willizblog.de\/?p=1335","title":{"rendered":"Amy Macdonald \u2013 neue Stimme am Folkrock-Horizont"},"content":{"rendered":"<p>Ich hatte\u00a0wieder beim <a href=\"https:\/\/www.willizblog.de\/?p=766\" target=\"_blank\">Fabchannel<\/a> hineingeguckt und bin gleich \u00fcber sie gestolpert: <a href=\"https:\/\/de.wikipedia.org\/wiki\/Amy_Macdonald\" target=\"_blank\">Amy Macdonald<\/a>, gerade einmal 21 Jahre alt, aus Schottland und mit kr\u00e4ftiger Stimme. Ihr Stil: Folkrock. Eher schlicht, daf\u00fcr gradlinig kommt sie daher. Mal sind die Lieder eher leis und poetisch, dann wieder kraftvoll und rockig. Also Folkrock vom Feinsten \u2013 wie ich finde.<\/p>\n<p><img src=\"https:\/\/www.willizblog.de\/blogpicts\/amy_mcdonald.jpg\" alt=\"Amy Macdonald\" \/><\/p>\n<p>Der Auftritt von <a href=\"http:\/\/www.fabchannel.com\/amy_macdonald_concert\/\" target=\"_blank\">Amy Macdonald bei Fabchannel<\/a> l\u00e4sst sich h\u00f6ren (und sehen). Und ansonsten finden sich viele Videosclips auf ihrer <a href=\"http:\/\/www.amymacdonald.co.uk\/player.php\" target=\"_blank\">Website<\/a> oder auch bei <a href=\"http:\/\/de.youtube.com\/amymacdonaldofficial\" target=\"_blank\">youtube<\/a>.<\/p>\n<p>L\u00e4ngst ist sie auch kein Geheimtipp mehr, ihr Album \u201eThis Is The Life\u201c (2007) hat sich ganz oben platziert \u2013 wie einige Singleauskopplungen ebenso.<\/p>\n<p>Foto-Galerie: <a href=\"http:\/\/www.swr3.de\/musik\/magazin\/npf2008\/-\/id=407668\/pv=plain\/did=410554\/117ffc4\/\" target=\"_blank\">Amy McDonald<\/a><\/p>\n","protected":false},"excerpt":{"rendered":"<p>Ich hatte\u00a0wieder beim Fabchannel hineingeguckt und bin gleich \u00fcber sie gestolpert: Amy Macdonald, gerade einmal 21 Jahre alt, aus Schottland und mit kr\u00e4ftiger Stimme. Ihr Stil: Folkrock. Eher schlicht, daf\u00fcr gradlinig kommt sie daher. Mal sind die Lieder eher leis und poetisch, dann wieder kraftvoll und rockig. Also Folkrock vom Feinsten \u2013 wie ich finde. &hellip; <a href=\"https:\/\/willizblog.de\/?p=1335\" class=\"more-link\"><span class=\"screen-reader-text\">Amy Macdonald \u2013 neue Stimme am Folkrock-Horizont<\/span> weiterlesen <span class=\"meta-nav\">&rarr;<\/span><\/a><\/p>\n","protected":false},"author":1,"featured_media":0,"comment_status":"open","ping_status":"closed","sticky":false,"template":"","format":"standard","meta":[],"categories":[31],"tags":[],"_links":{"self":[{"href":"https:\/\/willizblog.de\/index.php?rest_route=\/wp\/v2\/posts\/1335"}],"collection":[{"href":"https:\/\/willizblog.de\/index.php?rest_route=\/wp\/v2\/posts"}],"about":[{"href":"https:\/\/willizblog.de\/index.php?rest_route=\/wp\/v2\/types\/post"}],"author":[{"embeddable":true,"href":"https:\/\/willizblog.de\/index.php?rest_route=\/wp\/v2\/users\/1"}],"replies":[{"embeddable":true,"href":"https:\/\/willizblog.de\/index.php?rest_route=%2Fwp%2Fv2%2Fcomments&post=1335"}],"version-history":[{"count":0,"href":"https:\/\/willizblog.de\/index.php?rest_route=\/wp\/v2\/posts\/1335\/revisions"}],"wp:attachment":[{"href":"https:\/\/willizblog.de\/index.php?rest_route=%2Fwp%2Fv2%2Fmedia&parent=1335"}],"wp:term":[{"taxonomy":"category","embeddable":true,"href":"https:\/\/willizblog.de\/index.php?rest_route=%2Fwp%2Fv2%2Fcategories&post=1335"},{"taxonomy":"post_tag","embeddable":true,"href":"https:\/\/willizblog.de\/index.php?rest_route=%2Fwp%2Fv2%2Ftags&post=1335"}],"curies":[{"name":"wp","href":"https:\/\/api.w.org\/{rel}","templated":true}]}}