{"id":1344,"date":"2008-10-24T00:03:36","date_gmt":"2008-10-23T22:03:36","guid":{"rendered":"http:\/\/www.willizblog.de\/?p=1344"},"modified":"2008-10-23T15:01:48","modified_gmt":"2008-10-23T13:01:48","slug":"blumenpracht-teil-19","status":"publish","type":"post","link":"https:\/\/willizblog.de\/?p=1344","title":{"rendered":"Blumenpracht Teil 19"},"content":{"rendered":"<p>Der Herbst ist eine f\u00fcr mich ganz besondere Jahreszeit. Das Laub beginnt sich nach und nach in die unterschiedlichsten Braun-, Gelb- und Rott\u00f6ne zu verf\u00e4rben. Ein Anblick von ganz besonderer Art. Wenn dann noch die Sonne scheint, dann gl\u00fchen diese Farben f\u00f6rmlich, \u00e4hnlich wie man es beim <a href=\"https:\/\/www.willizblog.de\/?p=1336\" target=\"_blank\">Sonnenuntergang in der W\u00fcste<\/a> erlebt. Aber auch die Blumen im Garten k\u00f6nnen sich noch sehen lassen, wenigstens die, die sich diese Jahreszeit zum Bl\u00fchen ausgesucht haben. So genie\u00dfe ich den Gang durch den Regen des fallendes Laubs und den Anblick der letzten in diesem Jahr noch bl\u00fchenden Pflanzen.<\/p>\n<table border=\"0\" width=\"100%\" cellspacing=\"0\" cellpadding=\"5\">\n<tr>\n<td width=\"50%\">\n<p align=\"center\"><img border=\"0\" src=\"https:\/\/www.willizblog.de\/blogpicts\/blumen2008_10_01.jpg\" alt=\"AlbinZ Blumenpracht - Herbst 2008\"><\/td>\n<td width=\"50%\">\n<p align=\"center\"><img border=\"0\" src=\"https:\/\/www.willizblog.de\/blogpicts\/blumen2008_10_02.jpg\" alt=\"AlbinZ Blumenpracht - Herbst 2008\"><\/td>\n<\/tr>\n<tr>\n<td width=\"100%\" colspan=\"2\">\n<p align=\"center\"><font face=\"Lucida Grande, Lucida Sans Unicode, Verdana, sans-serif\" size=\"2\">AlbinZ Blumenpracht &#8211; Herbst 2008<\/font><\/td>\n<\/tr>\n<tr>\n<td width=\"50%\">\n<p align=\"center\"><img border=\"0\" src=\"https:\/\/www.willizblog.de\/blogpicts\/blumen2008_10_03.jpg\" alt=\"AlbinZ Blumenpracht - Herbst 2008\"><\/td>\n<td width=\"50%\">\n<p align=\"center\"><img border=\"0\" src=\"https:\/\/www.willizblog.de\/blogpicts\/blumen2008_10_04.jpg\" alt=\"AlbinZ Blumenpracht - Herbst 2008\"><\/td>\n<\/tr>\n<\/table>\n","protected":false},"excerpt":{"rendered":"<p>Der Herbst ist eine f\u00fcr mich ganz besondere Jahreszeit. Das Laub beginnt sich nach und nach in die unterschiedlichsten Braun-, Gelb- und Rott\u00f6ne zu verf\u00e4rben. Ein Anblick von ganz besonderer Art. Wenn dann noch die Sonne scheint, dann gl\u00fchen diese Farben f\u00f6rmlich, \u00e4hnlich wie man es beim Sonnenuntergang in der W\u00fcste erlebt. Aber auch die &hellip; <a href=\"https:\/\/willizblog.de\/?p=1344\" class=\"more-link\"><span class=\"screen-reader-text\">Blumenpracht Teil 19<\/span> weiterlesen <span class=\"meta-nav\">&rarr;<\/span><\/a><\/p>\n","protected":false},"author":1,"featured_media":0,"comment_status":"open","ping_status":"closed","sticky":false,"template":"","format":"standard","meta":[],"categories":[16],"tags":[],"_links":{"self":[{"href":"https:\/\/willizblog.de\/index.php?rest_route=\/wp\/v2\/posts\/1344"}],"collection":[{"href":"https:\/\/willizblog.de\/index.php?rest_route=\/wp\/v2\/posts"}],"about":[{"href":"https:\/\/willizblog.de\/index.php?rest_route=\/wp\/v2\/types\/post"}],"author":[{"embeddable":true,"href":"https:\/\/willizblog.de\/index.php?rest_route=\/wp\/v2\/users\/1"}],"replies":[{"embeddable":true,"href":"https:\/\/willizblog.de\/index.php?rest_route=%2Fwp%2Fv2%2Fcomments&post=1344"}],"version-history":[{"count":0,"href":"https:\/\/willizblog.de\/index.php?rest_route=\/wp\/v2\/posts\/1344\/revisions"}],"wp:attachment":[{"href":"https:\/\/willizblog.de\/index.php?rest_route=%2Fwp%2Fv2%2Fmedia&parent=1344"}],"wp:term":[{"taxonomy":"category","embeddable":true,"href":"https:\/\/willizblog.de\/index.php?rest_route=%2Fwp%2Fv2%2Fcategories&post=1344"},{"taxonomy":"post_tag","embeddable":true,"href":"https:\/\/willizblog.de\/index.php?rest_route=%2Fwp%2Fv2%2Ftags&post=1344"}],"curies":[{"name":"wp","href":"https:\/\/api.w.org\/{rel}","templated":true}]}}