{"id":1356,"date":"2008-11-05T08:41:14","date_gmt":"2008-11-05T06:41:14","guid":{"rendered":"http:\/\/www.willizblog.de\/?p=1356"},"modified":"2008-11-05T13:45:01","modified_gmt":"2008-11-05T11:45:01","slug":"obama-ist-neuer-us-prasident","status":"publish","type":"post","link":"https:\/\/willizblog.de\/?p=1356","title":{"rendered":"Obama ist neuer US-Pr\u00e4sident"},"content":{"rendered":"<p>Mit Barack Obama hat der <a href=\"http:\/\/www.zdf.de\/ZDFmediathek\/content\/390706?inPopup=true\" target=\"_blank\">wirkliche Wandel gesiegt<\/a>. Das amerikanische Volk hat der <a href=\"http:\/\/www.zdf.de\/ZDFmediathek\/content\/623588?inPopup=true\" target=\"_blank\">\u00c4ra Bush<\/a> endg\u00fcltig ein Ende bereitet. Aber das Erbe wiegt schwer. Nach acht Jahren einer amateurhaften, von irrationalen Vorstellungen geleiteten Politik liegt das m\u00e4chtigste Land der Welt am Rande des moralischen und finanziellen Ruins. Obama wird nur schwer seine Wahlversprechen einhalten k\u00f6nnen. Aber der \u201aamerikanische Traum\u2019 hat wieder Konturen angenommen. Und mit Obama keimt auch wieder neue Hoffnung auf f\u00fcr eine etwas friedvollere Welt.<\/p>\n<p><strong>Nachtrag:<\/strong> Der Begriff \u201ehistorisch\u201c wird in letzter Zeit allzu viel benutzt. Wenn aber ein Afroamerikaner, ein Schwarzer, neuer US-amerikanerischer Pr\u00e4sident wird, so ist das mehr als eine Randbemerkung in den sp\u00e4teren Geschichtsb\u00fcchern, es entspricht dem Beginn einer neuen \u00c4ra.<\/p>\n<p>Auf Barack Obama ruht die Hoffnung vieler Amerikaner. Aber auch die Welt blickt erleichtert nach Washington, die Metropole, die in den letzten acht Jahren nicht viel Positives hervorgebracht hat. Angesichts der Probleme, die auf Obama warten, ist zu bef\u00fcrchten, dass sein Handeln zum Scheitern verurteilt ist. Aber wer, wenn nicht Obama, kann es schaffen, den amerikanischen Karren wieder auf den rechten Weg zu bringen. Und wir alle k\u00f6nnen davon profitieren.<\/p>\n<p>Nun f\u00fcr Vorschu\u00dflorbeeren ist kein Anlass. Auch Obama wird mit den T\u00fccken einer un\u00fcberschaubaren Administration klarkommen m\u00fcssen. Aber ich traue ihm genug gesunden Menschenverstand zu (bei Bush musste man daran allzu oft zweifeln), der die richtigen und notwendigen Entscheidungen zu treffen vermag.<\/p>\n","protected":false},"excerpt":{"rendered":"<p>Mit Barack Obama hat der wirkliche Wandel gesiegt. Das amerikanische Volk hat der \u00c4ra Bush endg\u00fcltig ein Ende bereitet. Aber das Erbe wiegt schwer. Nach acht Jahren einer amateurhaften, von irrationalen Vorstellungen geleiteten Politik liegt das m\u00e4chtigste Land der Welt am Rande des moralischen und finanziellen Ruins. Obama wird nur schwer seine Wahlversprechen einhalten k\u00f6nnen. &hellip; <a href=\"https:\/\/willizblog.de\/?p=1356\" class=\"more-link\"><span class=\"screen-reader-text\">Obama ist neuer US-Pr\u00e4sident<\/span> weiterlesen <span class=\"meta-nav\">&rarr;<\/span><\/a><\/p>\n","protected":false},"author":1,"featured_media":0,"comment_status":"open","ping_status":"closed","sticky":false,"template":"","format":"standard","meta":[],"categories":[12],"tags":[],"_links":{"self":[{"href":"https:\/\/willizblog.de\/index.php?rest_route=\/wp\/v2\/posts\/1356"}],"collection":[{"href":"https:\/\/willizblog.de\/index.php?rest_route=\/wp\/v2\/posts"}],"about":[{"href":"https:\/\/willizblog.de\/index.php?rest_route=\/wp\/v2\/types\/post"}],"author":[{"embeddable":true,"href":"https:\/\/willizblog.de\/index.php?rest_route=\/wp\/v2\/users\/1"}],"replies":[{"embeddable":true,"href":"https:\/\/willizblog.de\/index.php?rest_route=%2Fwp%2Fv2%2Fcomments&post=1356"}],"version-history":[{"count":0,"href":"https:\/\/willizblog.de\/index.php?rest_route=\/wp\/v2\/posts\/1356\/revisions"}],"wp:attachment":[{"href":"https:\/\/willizblog.de\/index.php?rest_route=%2Fwp%2Fv2%2Fmedia&parent=1356"}],"wp:term":[{"taxonomy":"category","embeddable":true,"href":"https:\/\/willizblog.de\/index.php?rest_route=%2Fwp%2Fv2%2Fcategories&post=1356"},{"taxonomy":"post_tag","embeddable":true,"href":"https:\/\/willizblog.de\/index.php?rest_route=%2Fwp%2Fv2%2Ftags&post=1356"}],"curies":[{"name":"wp","href":"https:\/\/api.w.org\/{rel}","templated":true}]}}