{"id":136,"date":"2005-05-11T11:30:06","date_gmt":"2005-05-11T10:30:06","guid":{"rendered":"http:\/\/www.albinz.de\/blog\/?p=136"},"modified":"2006-12-04T10:56:39","modified_gmt":"2006-12-04T08:56:39","slug":"miroslav-klose-erhalt-fair-play-preis","status":"publish","type":"post","link":"https:\/\/willizblog.de\/?p=136","title":{"rendered":"Miroslav Klose erh\u00e4lt Fair-Play-Preis"},"content":{"rendered":"<p>Wenn sonst schon nichts dieses Jahr an Pokalen und Salatsch\u00fcsseln f\u00fcr Werder Bremen zu holen war, so wurde wenigstens Miroslav Klose von der Deutschen Olympischen Gesellschaft (DOG) mit der Fair-Play-Plakette ausgezeichnet. Der St\u00fcrmer wird damit f\u00fcr sein sportliches Verhalten beim Punktspiel am 30. April gegen Arminia Bielefeld (3:0) geehrt. Beim Stand von 0:0 hatte der 26-J\u00e4hrige nach einem Elfmeterpfiff von Schiedsrichter Herbert Fandel zugegeben, dass der Bielefelder Torwart Mathias Hain ihn im Strafraum regelgerecht vom Ball getrennt hatte. Fandel hatte daraufhin die Elfmeterentscheidung und die Gelbe Karte  gegen den Keeper wieder zur\u00fcckgenommen.<\/p>\n<p>Wenn du jetzt noch ein paar Tore gegen Freiburg und in Kaiserslautern schie\u00dft, lieber Miroslav, dann geht die Saison auch sportlich halbwegs ertr\u00e4glich zu Ende.<\/p>\n","protected":false},"excerpt":{"rendered":"<p>Wenn sonst schon nichts dieses Jahr an Pokalen und Salatsch\u00fcsseln f\u00fcr Werder Bremen zu holen war, so wurde wenigstens Miroslav Klose von der Deutschen Olympischen Gesellschaft (DOG) mit der Fair-Play-Plakette ausgezeichnet. Der St\u00fcrmer wird damit f\u00fcr sein sportliches Verhalten beim Punktspiel am 30. April gegen Arminia Bielefeld (3:0) geehrt. Beim Stand von 0:0 hatte der &hellip; <a href=\"https:\/\/willizblog.de\/?p=136\" class=\"more-link\"><span class=\"screen-reader-text\">Miroslav Klose erh\u00e4lt Fair-Play-Preis<\/span> weiterlesen <span class=\"meta-nav\">&rarr;<\/span><\/a><\/p>\n","protected":false},"author":1,"featured_media":0,"comment_status":"closed","ping_status":"closed","sticky":false,"template":"","format":"standard","meta":[],"categories":[27],"tags":[],"_links":{"self":[{"href":"https:\/\/willizblog.de\/index.php?rest_route=\/wp\/v2\/posts\/136"}],"collection":[{"href":"https:\/\/willizblog.de\/index.php?rest_route=\/wp\/v2\/posts"}],"about":[{"href":"https:\/\/willizblog.de\/index.php?rest_route=\/wp\/v2\/types\/post"}],"author":[{"embeddable":true,"href":"https:\/\/willizblog.de\/index.php?rest_route=\/wp\/v2\/users\/1"}],"replies":[{"embeddable":true,"href":"https:\/\/willizblog.de\/index.php?rest_route=%2Fwp%2Fv2%2Fcomments&post=136"}],"version-history":[{"count":0,"href":"https:\/\/willizblog.de\/index.php?rest_route=\/wp\/v2\/posts\/136\/revisions"}],"wp:attachment":[{"href":"https:\/\/willizblog.de\/index.php?rest_route=%2Fwp%2Fv2%2Fmedia&parent=136"}],"wp:term":[{"taxonomy":"category","embeddable":true,"href":"https:\/\/willizblog.de\/index.php?rest_route=%2Fwp%2Fv2%2Fcategories&post=136"},{"taxonomy":"post_tag","embeddable":true,"href":"https:\/\/willizblog.de\/index.php?rest_route=%2Fwp%2Fv2%2Ftags&post=136"}],"curies":[{"name":"wp","href":"https:\/\/api.w.org\/{rel}","templated":true}]}}