{"id":1363,"date":"2008-11-12T00:02:09","date_gmt":"2008-11-11T22:02:09","guid":{"rendered":"http:\/\/www.willizblog.de\/?p=1363"},"modified":"2009-03-23T08:40:06","modified_gmt":"2009-03-23T07:40:06","slug":"abschied-von-der-spitze","status":"publish","type":"post","link":"https:\/\/willizblog.de\/?p=1363","title":{"rendered":"Abschied von der Spitze?!"},"content":{"rendered":"<p>Nach einem <a href=\"https:\/\/www.willizblog.de\/?p=1350\" target=\"_blank\">verkorksten Oktober<\/a> und der R\u00fcckkehr der Leistungstr\u00e4ger wie Torwart Wiese, Goalgetter Pizarro und vor allem Spielmacher Diego schien alles wieder im Lot zu sein \u2013 beim Fu\u00dfballbundesligisten <a href=\"http:\/\/www.werder.de\/index.php\" target=\"_blank\">Werder Bremen<\/a>. Die schwache Hertha aus Berlin wurde beim 5:1-Heimsieg f\u00f6rmlich auseinandergenommen, wobei der Ersatztorh\u00fcter der Hertha kr\u00e4ftig mithalf, dass es einem schon Leid tun konnte.<\/p>\n<p>Aber nach der folgenden 0:3-Heimniederlage in der Champions League gegen Panathinaikos Athen konnte man nur noch von Arbeitsverweigerung der gesamten Mannschaft sprechen. Schlechter geht es nicht. Und so wurde auch der Werder-Manager Klaus Allofs mehr als deutlich: &#8222;Wenn die Spieler einige Dinge in absehbarer Zeit nicht verstehen wollen, dann muss man entweder seine Erwartungshaltung herunterschrauben oder man muss sich von den Spielern trennen. Und an unseren Erwartungen wollen wir nichts \u00e4ndern.&#8220;<\/p>\n<p>Nun im letzten Spiel am Samstag gab es nur ein mageres 0:0 in Bochum. Zudem eine aus\u00a0Sicht der Bremer strittige rote Karte gegen Mesut \u00d6zil. Aber Besserung war unverkennbar zu bemerken\u00a0(oder wurde auch nur hereingeredet). Trotzdem zu wenig, wenn man wirklich wieder in die Spitze will.<\/p>\n<p>Wie geht es mit Werder nun weiter? Nat\u00fcrlich ist noch alles drin, sowohl in der Meisterschaft als auch in der Champions League. Theoretisch. Praktisch aber glaube ich nicht mehr daran, dass hier noch etwas \u201agerissen\u2019 wird,\u00a0\u00a0zumal\u00a0\u00d6zil nach der roten Karte in Bochum f\u00fcr drei Spiele gesperrt ist. Und auch gegen Claudio Pizarro wird wegen unsportlichen Verhaltens &#8218;ermittelt&#8216;, nachdem er die Schiedsrichterleistung im Bochum-Spiel \u00f6ffentlich kritisiert hatte.<\/p>\n<p>Und obwohl die Erwartungshaltung der Vereinsverantwortlichen weiterhin hoch ist, so f\u00fcrchte ich doch auf l\u00e4ngere Sicht um einen Abstieg in die Mittelm\u00e4\u00dfigkeit. Beispiel Diego: Er hat zwar noch einen Vertrag bis 2011. Aber kommt kein Erfolg, so wird er Bremen bald verlassen. Wer soll ihn dann aber ersetzen? Vielleicht \u00d6zil? Andererseits muss man sich fragen, ob bei anderen Vereinen \u00fcberhaupt Interesse an Diego besteht, wenn er f\u00fcr einen Verein spielt, der nur Mittelma\u00df darstellt. Zumindest wird der Marktwert von Diego drastisch fallen. Oder Frings? F\u00fcr mich ist er auf dem absteigenden Ast. Und Pizarro ist nur f\u00fcr ein Jahr ausgeliehen. Dann fehlt mit der n\u00e4chsten Saison vielleicht wieder ein St\u00fcrmer. Und was ist eigentlich mit Carlos Alberto, der nach Brasilien ausgeliehen ist, nachdem er in Bremen nicht warm wurde?<\/p>\n<p>Ich erwarte f\u00fcr die n\u00e4chste Zeit eine weitere Durststrecke f\u00fcr viele eingefleischte Werder-Fans. Meisterschaft ade. Auf dem europ\u00e4ischen Parkett vielleicht noch ein Weiterkommen im UEFA-Cup. Aber f\u00fcr diese Saison keinen Titel!<\/p>\n<p>F\u00fcr die weitere Zukunft h\u00e4ngt vieles davon ab, wie man das durchaus vorhandene Potential jedes einzelnen Spielers abrufen kann. Die Trainerfrage darf nicht immer tabu bleiben. Denn den Reden m\u00fcssen Taten folgen. Vom Werder-Management wird zudem viel Verhandlungsgeschick abverlangt. Wird man Diego halten k\u00f6nnen? Wie sieht ansonsten eine Zukunft ohne ihn aus? Welcher Mannschaftsteil wird personell verst\u00e4rkt? Was ist mit Pizarro und Carlos Alberto? Man darf gespannt sein!<\/p>\n","protected":false},"excerpt":{"rendered":"<p>Nach einem verkorksten Oktober und der R\u00fcckkehr der Leistungstr\u00e4ger wie Torwart Wiese, Goalgetter Pizarro und vor allem Spielmacher Diego schien alles wieder im Lot zu sein \u2013 beim Fu\u00dfballbundesligisten Werder Bremen. Die schwache Hertha aus Berlin wurde beim 5:1-Heimsieg f\u00f6rmlich auseinandergenommen, wobei der Ersatztorh\u00fcter der Hertha kr\u00e4ftig mithalf, dass es einem schon Leid tun konnte. &hellip; <a href=\"https:\/\/willizblog.de\/?p=1363\" class=\"more-link\"><span class=\"screen-reader-text\">Abschied von der Spitze?!<\/span> weiterlesen <span class=\"meta-nav\">&rarr;<\/span><\/a><\/p>\n","protected":false},"author":1,"featured_media":0,"comment_status":"open","ping_status":"closed","sticky":false,"template":"","format":"standard","meta":[],"categories":[27],"tags":[],"_links":{"self":[{"href":"https:\/\/willizblog.de\/index.php?rest_route=\/wp\/v2\/posts\/1363"}],"collection":[{"href":"https:\/\/willizblog.de\/index.php?rest_route=\/wp\/v2\/posts"}],"about":[{"href":"https:\/\/willizblog.de\/index.php?rest_route=\/wp\/v2\/types\/post"}],"author":[{"embeddable":true,"href":"https:\/\/willizblog.de\/index.php?rest_route=\/wp\/v2\/users\/1"}],"replies":[{"embeddable":true,"href":"https:\/\/willizblog.de\/index.php?rest_route=%2Fwp%2Fv2%2Fcomments&post=1363"}],"version-history":[{"count":0,"href":"https:\/\/willizblog.de\/index.php?rest_route=\/wp\/v2\/posts\/1363\/revisions"}],"wp:attachment":[{"href":"https:\/\/willizblog.de\/index.php?rest_route=%2Fwp%2Fv2%2Fmedia&parent=1363"}],"wp:term":[{"taxonomy":"category","embeddable":true,"href":"https:\/\/willizblog.de\/index.php?rest_route=%2Fwp%2Fv2%2Fcategories&post=1363"},{"taxonomy":"post_tag","embeddable":true,"href":"https:\/\/willizblog.de\/index.php?rest_route=%2Fwp%2Fv2%2Ftags&post=1363"}],"curies":[{"name":"wp","href":"https:\/\/api.w.org\/{rel}","templated":true}]}}