{"id":1366,"date":"2008-11-13T09:14:21","date_gmt":"2008-11-13T07:14:21","guid":{"rendered":"http:\/\/www.willizblog.de\/?p=1366"},"modified":"2011-08-23T11:43:26","modified_gmt":"2011-08-23T10:43:26","slug":"alles-gute-zum-geburtstag-loriot","status":"publish","type":"post","link":"https:\/\/willizblog.de\/?p=1366","title":{"rendered":"Alles Gute zum Geburtstag, Loriot!"},"content":{"rendered":"<p>Fast h\u00e4tte ich es vergessen: Gestern, am Mittwoch, den 12. November, hatte Bernhard Victor Christoph-Carl von B\u00fclow, kurz Vicco von B\u00fclow, noch viel k\u00fcrzer: <a href=\"https:\/\/de.wikipedia.org\/wiki\/Loriot\" target=\"_blank\">Loriot<\/a>, Geburtstag und wurde 85 Jahre alt.<\/p>\n<p>Wer kennt nicht seine gezeichneten Knollennasenm\u00e4nnlein und seine Sketche im Fernsehen \u2013 oft zusammen mit der kongenialen <a href=\"https:\/\/www.willizblog.de\/?p=995\" target=\"_blank\">Evelyn Hamann<\/a> (Jodeldiplom, \u201eDas Bild hing schief\u201c, Die Nudel, Opa Hoppenstedt uvm.).<\/p>\n<p><em>Auf die Frage, wer ihn gepr\u00e4gt habe, antwortete Loriot 2007: \u201eIch wei\u00df, als ich anfing zu studieren, wohnte ich zwischen dem Irrenhaus, dem Zuchthaus und dem Friedhof. Allein die Lage wird es gewesen sein, glaube ich.\u201c<\/em><\/p>\n","protected":false},"excerpt":{"rendered":"<p>Fast h\u00e4tte ich es vergessen: Gestern, am Mittwoch, den 12. November, hatte Bernhard Victor Christoph-Carl von B\u00fclow, kurz Vicco von B\u00fclow, noch viel k\u00fcrzer: Loriot, Geburtstag und wurde 85 Jahre alt. Wer kennt nicht seine gezeichneten Knollennasenm\u00e4nnlein und seine Sketche im Fernsehen \u2013 oft zusammen mit der kongenialen Evelyn Hamann (Jodeldiplom, \u201eDas Bild hing schief\u201c, &hellip; <a href=\"https:\/\/willizblog.de\/?p=1366\" class=\"more-link\"><span class=\"screen-reader-text\">Alles Gute zum Geburtstag, Loriot!<\/span> weiterlesen <span class=\"meta-nav\">&rarr;<\/span><\/a><\/p>\n","protected":false},"author":1,"featured_media":0,"comment_status":"open","ping_status":"closed","sticky":false,"template":"","format":"standard","meta":[],"categories":[1],"tags":[],"_links":{"self":[{"href":"https:\/\/willizblog.de\/index.php?rest_route=\/wp\/v2\/posts\/1366"}],"collection":[{"href":"https:\/\/willizblog.de\/index.php?rest_route=\/wp\/v2\/posts"}],"about":[{"href":"https:\/\/willizblog.de\/index.php?rest_route=\/wp\/v2\/types\/post"}],"author":[{"embeddable":true,"href":"https:\/\/willizblog.de\/index.php?rest_route=\/wp\/v2\/users\/1"}],"replies":[{"embeddable":true,"href":"https:\/\/willizblog.de\/index.php?rest_route=%2Fwp%2Fv2%2Fcomments&post=1366"}],"version-history":[{"count":0,"href":"https:\/\/willizblog.de\/index.php?rest_route=\/wp\/v2\/posts\/1366\/revisions"}],"wp:attachment":[{"href":"https:\/\/willizblog.de\/index.php?rest_route=%2Fwp%2Fv2%2Fmedia&parent=1366"}],"wp:term":[{"taxonomy":"category","embeddable":true,"href":"https:\/\/willizblog.de\/index.php?rest_route=%2Fwp%2Fv2%2Fcategories&post=1366"},{"taxonomy":"post_tag","embeddable":true,"href":"https:\/\/willizblog.de\/index.php?rest_route=%2Fwp%2Fv2%2Ftags&post=1366"}],"curies":[{"name":"wp","href":"https:\/\/api.w.org\/{rel}","templated":true}]}}