{"id":1369,"date":"2008-11-16T00:01:44","date_gmt":"2008-11-15T22:01:44","guid":{"rendered":"http:\/\/www.willizblog.de\/?p=1369"},"modified":"2008-11-14T10:35:27","modified_gmt":"2008-11-14T08:35:27","slug":"the-yes-men","status":"publish","type":"post","link":"https:\/\/willizblog.de\/?p=1369","title":{"rendered":"The Yes Men"},"content":{"rendered":"<p>In den USA kursiert eine <a href=\"http:\/\/www.heute.de\/ZDFheute\/inhalt\/4\/0,3672,7409924,00.html\" target=\"_blank\">\u201egef\u00e4lschte\u201c Ausgabe der \u201eNew York Times\u201c<\/a> (<a href=\"http:\/\/www.heute.de\/ZDFheute\/download\/0,6741,7007245,00.pdf\" target=\"_blank\">Download als PDF bei zdf.de<\/a> \u2013 oder <a href=\"http:\/\/www.nytimes-se.com\/\" target=\"_blank\">im Internet zu betrachten<\/a>), allerdings auf den 4. Juli 2009 datiert, die u.a. das Ende des Irak-Krieges und damit die R\u00fcckkehr der US-Soldaten verk\u00fcndet. Au\u00dferdem berichtet sie, dass das US-Gefangenenlager Guantanamo geschlossen und Bush wegen Hochverrats angeklagt worden sei. In einem K\u00e4stchen am oberen Rand der Zeitung steht \u00fcbrigens: \u201eAll the News We Hope to Print\u201c.<\/p>\n<p><img src=\"https:\/\/www.willizblog.de\/blogpicts\/new_york_times_2009.jpg\" alt=\"All the News We Hope to Print: The Yes Men's New York Times\" \/><\/p>\n<p>Herausgeber der 14-seitigen Zeitung, die am Mittwoch in mehreren amerikanischen St\u00e4dten verteilt wurde und eine Auflage von 1,2 Millionen Exemplaren hat, ist die Aktivisten- und Aktionsk\u00fcnstlergruppe <a href=\"https:\/\/de.wikipedia.org\/wiki\/The_Yes_Men\" target=\"_blank\">&#8222;The Yes Men&#8220;<\/a>. Die Initiatoren erkl\u00e4rten, sie wollten die neue Regierung des k\u00fcnftigen US-Pr\u00e4sidentin Barack Obama ermuntern, ihre Wahlversprechen zu halten.<\/p>\n<p><a href=\"http:\/\/www.theyesmen.org\/\" target=\"_blank\">Die Yes Men<\/a> sind bereits fr\u00fcher durch beachtenswerte Aktionen aufgefallen. So geht eine F\u00e4lschung der Website der <a href=\"https:\/\/de.wikipedia.org\/wiki\/Welthandelsorganisation\" target=\"_blank\">WTO (Welthandelsorganisation)<\/a> auf ihr Konto. Au\u00dferdem erschlichen sie sich den Zugang zu diversen Konferenzen, bei denen sie auch als Redner auftraten. Sie gaben sich dabei als Repr\u00e4sentanten internationaler Konzerne oder Institutionen aus und karikierten mit \u00fcbertriebenen Forderungen auf Konferenzen deren Ziele.<\/p>\n<p>2004 gingen die Yes Men als \u201eYes, Bush Can!\u201c (Ja, Bush kann!) auf Tour und ermutigten die Unterst\u00fctzer ein \u201ePatriotisches Gel\u00f6bnis\u201c zu unterzeichnen, indem sie ihre Bereitschaft erkl\u00e4rten, nukleare Abf\u00e4lle in ihrem Garten zu lagern und ihre Kinder in den Krieg zu schicken. Sie traten ebenfalls auf dem Republikanischen Parteitag auf.<\/p>\n<p>Das v\u00f6llig Absurde an diesen Aktionen ist, das die Yes Men mit ihren Forderungen vorwiegend auf \u201apositive\u2019 Resonanz trafen und nicht als das entlarvt wurden, was sie sind: Kritiker der Globalisierung. Unbedingt empfehlen m\u00f6chte ich ein Video von den Yes Men (Deutsche Version &#8211; 76 Min. lang \u2013 l\u00e4sst sich <a href=\"https:\/\/www.willizblog.de\/?p=1315\" target=\"_blank\">mit Real Media auch als FLV-Flash-Video<\/a> herunterladen) <a href=\"http:\/\/video.google.com\/videoplay?docid=3756650096998068990\" target=\"_blank\">Das Yes Men Video<\/a><\/p>\n<p>An dieser Stelle m\u00f6chte ich Euch auch ein weiteres Video ans Herz legen (ist in mehrere Teile zerlegt und im Original, also auf Englisch, mit deutschen Untertiteln): <a href=\"http:\/\/www.911video.de\/historisch.php\" target=\"_blank\">Frank Dorrel: The war against the 3rd world<\/a><\/p>\n","protected":false},"excerpt":{"rendered":"<p>In den USA kursiert eine \u201egef\u00e4lschte\u201c Ausgabe der \u201eNew York Times\u201c (Download als PDF bei zdf.de \u2013 oder im Internet zu betrachten), allerdings auf den 4. Juli 2009 datiert, die u.a. das Ende des Irak-Krieges und damit die R\u00fcckkehr der US-Soldaten verk\u00fcndet. Au\u00dferdem berichtet sie, dass das US-Gefangenenlager Guantanamo geschlossen und Bush wegen Hochverrats angeklagt &hellip; <a href=\"https:\/\/willizblog.de\/?p=1369\" class=\"more-link\"><span class=\"screen-reader-text\">The Yes Men<\/span> weiterlesen <span class=\"meta-nav\">&rarr;<\/span><\/a><\/p>\n","protected":false},"author":1,"featured_media":0,"comment_status":"open","ping_status":"closed","sticky":false,"template":"","format":"standard","meta":[],"categories":[12],"tags":[],"_links":{"self":[{"href":"https:\/\/willizblog.de\/index.php?rest_route=\/wp\/v2\/posts\/1369"}],"collection":[{"href":"https:\/\/willizblog.de\/index.php?rest_route=\/wp\/v2\/posts"}],"about":[{"href":"https:\/\/willizblog.de\/index.php?rest_route=\/wp\/v2\/types\/post"}],"author":[{"embeddable":true,"href":"https:\/\/willizblog.de\/index.php?rest_route=\/wp\/v2\/users\/1"}],"replies":[{"embeddable":true,"href":"https:\/\/willizblog.de\/index.php?rest_route=%2Fwp%2Fv2%2Fcomments&post=1369"}],"version-history":[{"count":0,"href":"https:\/\/willizblog.de\/index.php?rest_route=\/wp\/v2\/posts\/1369\/revisions"}],"wp:attachment":[{"href":"https:\/\/willizblog.de\/index.php?rest_route=%2Fwp%2Fv2%2Fmedia&parent=1369"}],"wp:term":[{"taxonomy":"category","embeddable":true,"href":"https:\/\/willizblog.de\/index.php?rest_route=%2Fwp%2Fv2%2Fcategories&post=1369"},{"taxonomy":"post_tag","embeddable":true,"href":"https:\/\/willizblog.de\/index.php?rest_route=%2Fwp%2Fv2%2Ftags&post=1369"}],"curies":[{"name":"wp","href":"https:\/\/api.w.org\/{rel}","templated":true}]}}