{"id":1377,"date":"2008-11-26T00:04:12","date_gmt":"2008-11-25T22:04:12","guid":{"rendered":"http:\/\/www.willizblog.de\/?p=1377"},"modified":"2011-02-24T14:48:46","modified_gmt":"2011-02-24T13:48:46","slug":"%e2%80%9edie-toten-hosen%e2%80%9c-in-der-midlife-crisis","status":"publish","type":"post","link":"https:\/\/willizblog.de\/?p=1377","title":{"rendered":"\u201eDie Toten Hosen\u201c in der Midlife Crisis?"},"content":{"rendered":"<p>Kurz vor Weihnachten besucht mein gro\u00dfer Sohn ein Konzert <a href=\"http:\/\/www.dietotenhosen.de\/\" target=\"_blank\">der \u201eToten Hosen\u201c<\/a> in Bremen. Rechtzeitig zu Weihnachten beschert uns die Gruppe ein neues Album, das erste Studio-Album nach vier Jahren: <a href=\"https:\/\/www.amazon.de\/gp\/product\/B001HSO4E2?ie=UTF8&#038;tag=familiealbin-21&#038;linkCode=as2&#038;camp=1638&#038;creative=6742&#038;creativeASIN=B001HSO4E2\" target=\"_blank\">In aller Stille<\/a><img loading=\"lazy\" src=\"https:\/\/www.assoc-amazon.de\/e\/ir?t=familiealbin-21&#038;l=as2&#038;o=3&#038;a=B001HSO4E2\" width=\"1\" height=\"1\" border=\"0\" alt=\"\" style=\"border:none !important; margin:0px !important;\" \/> (Das wieder &#8218;was mit den &#8222;Toten Hosen&#8220; l\u00e4uft, vermeldet auch der Anstieg der Videoaufrufe bei <a href=\"http:\/\/de.youtube.com\/user\/DeadPantZ\" target=\"_blank\">youtube<\/a>).<\/p>\n<p>Dem nicht genug ist <a href=\"https:\/\/de.wikipedia.org\/wiki\/Campino\" target=\"_blank\">Campino<\/a>, der <a href=\"https:\/\/de.wikipedia.org\/wiki\/Die_Toten_Hosen\" target=\"_blank\">Toten Hosen<\/a>-Frontmann, seit dem 20.11. im neuen <a href=\"https:\/\/de.wikipedia.org\/wiki\/Wim_Wenders\" target=\"_blank\">Wim Wenders<\/a>-Film in der Hauptrolle zu bewundern: <a href=\"https:\/\/de.wikipedia.org\/wiki\/Palermo_Shooting\" target=\"_blank\">Palermo Shooting<\/a>, dem deutschen Film-Comeback Wim Wenders\u2019.<\/p>\n<p>In <a href=\"http:\/\/www.palermoshooting.senator.de\/\" target=\"_blank\">&#8222;Palermo Shooting&#8220;<\/a> spielt Campino den ausgebrannten Star-Fotografen Finn, der auf skurrile Weise dem Tod begegnet. Schlaflos, hastig und oberfl\u00e4chlich bewegt sich der D\u00fcsseldorfer Promi-Fotograf Finn durch die Mode- und Kunstszene. Sein Handy klingelt pausenlos, ein Shooting jagt das n\u00e4chste. Er leidet unter Schlaflosigkeit. Erst als er bei einer n\u00e4chtlichen Heimfahrt beinahe t\u00f6dlich verungl\u00fcckt, merkt Finn, dass er etwas in seinem Leben \u00e4ndern muss. Nach einer \u00dcbernachtung auf den Rheinwiesen bringt ihn eine seltsame Begegnung mit einem Hobby-Schafz\u00fcchter auf eine Idee: Er beschlie\u00dft, wegzufahren und seinen n\u00e4chsten Job \u2013 ein Fotoshooting mit Mila Jovovich \u2013 nach Palermo zu verlegen. Dort angekommen, l\u00e4sst sich der Fotograf durch die Altstadt treiben und verliert sich immer mehr in bedrohlichen Tr\u00e4umereien, in denen er von einem geheimnisvollen Bogensch\u00fctzen (Dennis Hopper) verfolgt wird. Gemeinsam mit der sch\u00f6nen Restaurateurin Flavia (Giovanna Mezzogiorno) ergr\u00fcndet Finn, was es mit seinen Visionen auf sich hat\u2026<\/p>\n<p>Warum nun Campino in einem Film von Wim Wenders? Beide stammen aus D\u00fcsseldorf und der Film beginnt ja auch in dieser Stadt. Und Wenders hat \u00f6fter schon mit Musikern zusammengearbeitet. Campino selbst war durchaus erfolgreich in einer Inszenierung von Bertolt Brechts Dreigroschenoper unter der Regie von Klaus Maria Brandauer f\u00fcr den Berliner Admiralspalast, das zwischenzeitliche Metropol-Theater, von August bis Oktober 2006 in der Rolle des Mackie Messer zu sehen. In die Rolle des ausgebrannten Star-Fotografen scheint er aber dann doch nicht so recht zu passen. Campino, der sich redlich m\u00fcht, sich aber doch mit deutlich sichtbarem \u00dcberschuss an Bewusstheit (so wie wir ihn eben kennen) durch die ereignisarmen Szenen bewegt, wird als Figur niemals richtig lebendig. Campino in der Midlife Crisis? So recht mag ihn das keiner abkaufen.<\/p>\n<p>Und der Film selbst? Wim Wenders steht f\u00fcr mich f\u00fcr Kunstfilme, eigentlich f\u00fcr k\u00fcnstliche Filme, die \u00fcberfrachtet und bedeutungsschwanger daherkommen. Die teils kitschigen Dialoge auch in diesem Film tragen ihren Teil dazu bei. Wim Wenders hat ein Werk geschaffen, das unbedingt Kunst sein will und genau das dann nicht ist. Es ist ein Film, der wesentlich vom Sehen handelt, selbst aber blind f\u00fcr die Last der Bedeutung bleibt resp. die Last dem Zuschauer aufb\u00fcrdet.<\/p>\n","protected":false},"excerpt":{"rendered":"<p>Kurz vor Weihnachten besucht mein gro\u00dfer Sohn ein Konzert der \u201eToten Hosen\u201c in Bremen. Rechtzeitig zu Weihnachten beschert uns die Gruppe ein neues Album, das erste Studio-Album nach vier Jahren: In aller Stille (Das wieder &#8218;was mit den &#8222;Toten Hosen&#8220; l\u00e4uft, vermeldet auch der Anstieg der Videoaufrufe bei youtube). Dem nicht genug ist Campino, der &hellip; <a href=\"https:\/\/willizblog.de\/?p=1377\" class=\"more-link\"><span class=\"screen-reader-text\">\u201eDie Toten Hosen\u201c in der Midlife Crisis?<\/span> weiterlesen <span class=\"meta-nav\">&rarr;<\/span><\/a><\/p>\n","protected":false},"author":1,"featured_media":0,"comment_status":"open","ping_status":"closed","sticky":false,"template":"","format":"standard","meta":[],"categories":[13],"tags":[],"_links":{"self":[{"href":"https:\/\/willizblog.de\/index.php?rest_route=\/wp\/v2\/posts\/1377"}],"collection":[{"href":"https:\/\/willizblog.de\/index.php?rest_route=\/wp\/v2\/posts"}],"about":[{"href":"https:\/\/willizblog.de\/index.php?rest_route=\/wp\/v2\/types\/post"}],"author":[{"embeddable":true,"href":"https:\/\/willizblog.de\/index.php?rest_route=\/wp\/v2\/users\/1"}],"replies":[{"embeddable":true,"href":"https:\/\/willizblog.de\/index.php?rest_route=%2Fwp%2Fv2%2Fcomments&post=1377"}],"version-history":[{"count":0,"href":"https:\/\/willizblog.de\/index.php?rest_route=\/wp\/v2\/posts\/1377\/revisions"}],"wp:attachment":[{"href":"https:\/\/willizblog.de\/index.php?rest_route=%2Fwp%2Fv2%2Fmedia&parent=1377"}],"wp:term":[{"taxonomy":"category","embeddable":true,"href":"https:\/\/willizblog.de\/index.php?rest_route=%2Fwp%2Fv2%2Fcategories&post=1377"},{"taxonomy":"post_tag","embeddable":true,"href":"https:\/\/willizblog.de\/index.php?rest_route=%2Fwp%2Fv2%2Ftags&post=1377"}],"curies":[{"name":"wp","href":"https:\/\/api.w.org\/{rel}","templated":true}]}}