{"id":1381,"date":"2008-12-01T00:01:44","date_gmt":"2008-11-30T22:01:44","guid":{"rendered":"http:\/\/www.willizblog.de\/?p=1381"},"modified":"2011-10-06T08:11:09","modified_gmt":"2011-10-06T07:11:09","slug":"jan-wird-volljahrig","status":"publish","type":"post","link":"https:\/\/willizblog.de\/?p=1381","title":{"rendered":"Jan wird vollj\u00e4hrig"},"content":{"rendered":"<p>Ja, wie die Zeit vergeht. Heute nun wird mein Gro\u00dfer 18 Jahre alt und damit vollj\u00e4hrig:<\/p>\n<p><em>Alles Gute zu Deinem Geburtstag. Und besonders f\u00fcr Deine Zukunft w\u00fcnschen wir Dir, dass alles so klappt, wie Du es Dir w\u00fcnschst!<\/em><\/p>\n<p><em>Deine Eltern und Bruder Lukas<\/em><\/p>\n<p><img src=\"https:\/\/www.willizblog.de\/blogpicts\/jan_wird_volljaehrig.jpg\" alt=\"Jan wird vollj\u00e4hrig\" \/><\/p>\n<p>Mit der <a href=\"https:\/\/de.wikipedia.org\/wiki\/Vollj%C3%A4hrigkeit\" target=\"_blank\">Vollj\u00e4hrigkeit<\/a> ist das so etwas. Ich wurde z.B. \u201amittendrin\u2019 vollj\u00e4hrig, denn zum 01.01.1975 wurde in der Bundesrepublik Deutschland die Vollj\u00e4hrigkeit von zuvor 21 Jahren auf 18 Jahre herabgesetzt. Ich wurde also nicht zu einem Geburtstag, sondern zu einem Jahreswechsel vollj\u00e4hrig (mit 20 Jahren, 10 Monaten und 28 oder 29 Tagen).<\/p>\n<p>In Schottland wird man \u00fcbrigens mit 16 Jahren vollj\u00e4hrig \u2013 im Gegensatz zu den anderen L\u00e4ndern des Vereinigten K\u00f6nigreichs. Daher hatte sich in fr\u00fcheren Jahren auch der schottische Grenzort <a href=\"https:\/\/www.albinz.net\/heirat.html\" target=\"_blank\">Gretna Green<\/a> zu einer Art Heiratsparadies entwickelt.<\/p>\n","protected":false},"excerpt":{"rendered":"<p>Ja, wie die Zeit vergeht. Heute nun wird mein Gro\u00dfer 18 Jahre alt und damit vollj\u00e4hrig: Alles Gute zu Deinem Geburtstag. Und besonders f\u00fcr Deine Zukunft w\u00fcnschen wir Dir, dass alles so klappt, wie Du es Dir w\u00fcnschst! Deine Eltern und Bruder Lukas Mit der Vollj\u00e4hrigkeit ist das so etwas. Ich wurde z.B. \u201amittendrin\u2019 vollj\u00e4hrig, &hellip; <a href=\"https:\/\/willizblog.de\/?p=1381\" class=\"more-link\"><span class=\"screen-reader-text\">Jan wird vollj\u00e4hrig<\/span> weiterlesen <span class=\"meta-nav\">&rarr;<\/span><\/a><\/p>\n","protected":false},"author":1,"featured_media":0,"comment_status":"open","ping_status":"closed","sticky":false,"template":"","format":"standard","meta":[],"categories":[1,11],"tags":[],"_links":{"self":[{"href":"https:\/\/willizblog.de\/index.php?rest_route=\/wp\/v2\/posts\/1381"}],"collection":[{"href":"https:\/\/willizblog.de\/index.php?rest_route=\/wp\/v2\/posts"}],"about":[{"href":"https:\/\/willizblog.de\/index.php?rest_route=\/wp\/v2\/types\/post"}],"author":[{"embeddable":true,"href":"https:\/\/willizblog.de\/index.php?rest_route=\/wp\/v2\/users\/1"}],"replies":[{"embeddable":true,"href":"https:\/\/willizblog.de\/index.php?rest_route=%2Fwp%2Fv2%2Fcomments&post=1381"}],"version-history":[{"count":0,"href":"https:\/\/willizblog.de\/index.php?rest_route=\/wp\/v2\/posts\/1381\/revisions"}],"wp:attachment":[{"href":"https:\/\/willizblog.de\/index.php?rest_route=%2Fwp%2Fv2%2Fmedia&parent=1381"}],"wp:term":[{"taxonomy":"category","embeddable":true,"href":"https:\/\/willizblog.de\/index.php?rest_route=%2Fwp%2Fv2%2Fcategories&post=1381"},{"taxonomy":"post_tag","embeddable":true,"href":"https:\/\/willizblog.de\/index.php?rest_route=%2Fwp%2Fv2%2Ftags&post=1381"}],"curies":[{"name":"wp","href":"https:\/\/api.w.org\/{rel}","templated":true}]}}