{"id":139,"date":"2005-05-13T17:26:46","date_gmt":"2005-05-13T16:26:46","guid":{"rendered":"http:\/\/www.albinz.de\/blog\/?p=139"},"modified":"2005-10-20T09:56:47","modified_gmt":"2005-10-20T07:56:47","slug":"hochzeitstag-vergessen","status":"publish","type":"post","link":"https:\/\/willizblog.de\/?p=139","title":{"rendered":"Hochzeitstag vergessen"},"content":{"rendered":"<p>Heute Freitag, den 13., schenkte mir meine Frau ein Buch: nachtr\u00e4glich zum 15. Hochzeitstag! Oh, SCHANDE \u00fcber mich! Ich habe ihn tats\u00e4chlich vergessen: unseren Hochzeitstag!<\/p>\n<p>Und ich h\u00e4tte schw\u00f6ren k\u00f6nnen, dass ich weder Geburtstage meiner Lieben, noch eben unseren Hochzeitstag vergessen werde. Unvorstellbar! Und nun ist es doch passiert. Liegt es am Alter? Alzheimer? Oder der \u00c4rger auf der Arbeit in dieser Woche? Jetzt nur keine faulen oder halbfaulen Ausreden! Ich habe einfach nicht daran gedacht (und gestern hatte mein Bruder einen &#8218;runden&#8216; Geburtstag und ich habe den auch vergessen). Als ob es etwas Wichtigeres f\u00fcr mich als meine Frau und meine S\u00f6hne geben k\u00f6nnte &#8230;<\/p>\n","protected":false},"excerpt":{"rendered":"<p>Heute Freitag, den 13., schenkte mir meine Frau ein Buch: nachtr\u00e4glich zum 15. Hochzeitstag! Oh, SCHANDE \u00fcber mich! Ich habe ihn tats\u00e4chlich vergessen: unseren Hochzeitstag! Und ich h\u00e4tte schw\u00f6ren k\u00f6nnen, dass ich weder Geburtstage meiner Lieben, noch eben unseren Hochzeitstag vergessen werde. Unvorstellbar! Und nun ist es doch passiert. Liegt es am Alter? Alzheimer? Oder &hellip; <a href=\"https:\/\/willizblog.de\/?p=139\" class=\"more-link\"><span class=\"screen-reader-text\">Hochzeitstag vergessen<\/span> weiterlesen <span class=\"meta-nav\">&rarr;<\/span><\/a><\/p>\n","protected":false},"author":1,"featured_media":0,"comment_status":"closed","ping_status":"closed","sticky":false,"template":"","format":"standard","meta":[],"categories":[18],"tags":[],"_links":{"self":[{"href":"https:\/\/willizblog.de\/index.php?rest_route=\/wp\/v2\/posts\/139"}],"collection":[{"href":"https:\/\/willizblog.de\/index.php?rest_route=\/wp\/v2\/posts"}],"about":[{"href":"https:\/\/willizblog.de\/index.php?rest_route=\/wp\/v2\/types\/post"}],"author":[{"embeddable":true,"href":"https:\/\/willizblog.de\/index.php?rest_route=\/wp\/v2\/users\/1"}],"replies":[{"embeddable":true,"href":"https:\/\/willizblog.de\/index.php?rest_route=%2Fwp%2Fv2%2Fcomments&post=139"}],"version-history":[{"count":0,"href":"https:\/\/willizblog.de\/index.php?rest_route=\/wp\/v2\/posts\/139\/revisions"}],"wp:attachment":[{"href":"https:\/\/willizblog.de\/index.php?rest_route=%2Fwp%2Fv2%2Fmedia&parent=139"}],"wp:term":[{"taxonomy":"category","embeddable":true,"href":"https:\/\/willizblog.de\/index.php?rest_route=%2Fwp%2Fv2%2Fcategories&post=139"},{"taxonomy":"post_tag","embeddable":true,"href":"https:\/\/willizblog.de\/index.php?rest_route=%2Fwp%2Fv2%2Ftags&post=139"}],"curies":[{"name":"wp","href":"https:\/\/api.w.org\/{rel}","templated":true}]}}