{"id":1402,"date":"2008-12-21T00:04:28","date_gmt":"2008-12-20T22:04:28","guid":{"rendered":"http:\/\/www.willizblog.de\/?p=1402"},"modified":"2008-12-19T20:51:34","modified_gmt":"2008-12-19T18:51:34","slug":"du-das-offentliche-gesicht","status":"publish","type":"post","link":"https:\/\/willizblog.de\/?p=1402","title":{"rendered":"Du, das \u00f6ffentliche Gesicht"},"content":{"rendered":"<p>Wer m\u00f6chte nicht auch einmal auf der Titelseite einer Zeitung stehen \u2013 mit Bild nat\u00fcrlich. Oder im Fernsehen zu sehen sein. Wie w\u00e4re es als \u201edas Gesicht\u201c auf Werbefl\u00e4chen oder als Kopf auf einer M\u00fcnze? Oder statt Marilyn Monroe auf einem Gem\u00e4lde von Andy Warhol in einer Gem\u00e4ldeausstellung? Man stelle sich vor: Angelina Jolie r\u00e4kelt sich im Grass \u2013 und auf ihrem T-Shirt prangt dein Antlitz? Unm\u00f6glich? Weit gefehlt!<\/p>\n<p>Dank digitaler Bildtechnik ist auch das heute m\u00f6glich. Und dazu ganz einfach, kostenlos und ohne Anmeldung \u00fcber <a href=\"http:\/\/de.photofunia.com\/\" target=\"_blank\">photofunia.com<\/a> zu verwirklichen. Einfach ein Hintergrundbild aussuchen, dann dein Foto hochladen \u2013 und fertig ist ein Foto zum Herunterladen. Du, das \u00f6ffentliche Gesicht, von Mona Lisa bis zu Madonna, vom Weihnachtsmann bis hin zum Astronauten \u2013 vieles ist denkbar \u2013 wie folgende Bilder mit meinem Konterfei zeigen:<\/p>\n<table border=\"0\" width=\"100%\" cellpadding=\"5\" cellspacing=\"0\">\n<tr>\n<td width=\"100%\">\n<p align=\"center\"><img loading=\"lazy\" border=\"0\" src=\"https:\/\/www.willizblog.de\/blogpicts\/photofunia_wa_einkaufspassage.jpg\" alt=\"Willi als Werbetr\u00e4ger in der Einkaufspassage\" width=\"540\" height=\"359\"><\/td>\n<\/tr>\n<tr>\n<td width=\"100%\">\n<p align=\"center\"><font face=\"Lucida Grande, Lucida Sans Unicode, Verdana, sans-serif\" size=\"2\">Willi als Werbetr\u00e4ger in der Einkaufspassage<\/font><\/td>\n<\/tr>\n<tr>\n<td width=\"100%\">\n<p align=\"center\"><img loading=\"lazy\" border=\"0\" src=\"https:\/\/www.willizblog.de\/blogpicts\/photofunia_wa_buch.jpg\" alt=\"Willi im Buch\" width=\"540\" height=\"426\"><\/td>\n<\/tr>\n<tr>\n<td width=\"100%\">\n<p align=\"center\"><font face=\"Lucida Grande, Lucida Sans Unicode, Verdana, sans-serif\" size=\"2\">Willi im Buch<\/font><\/td>\n<\/tr>\n<tr>\n<td width=\"100%\">\n<p align=\"center\"><img loading=\"lazy\" border=\"0\" src=\"https:\/\/www.willizblog.de\/blogpicts\/photofunia_wa_warhol.jpg\" alt=\"Willi als Warhol-Motiv\" width=\"540\" height=\"475\"><\/td>\n<\/tr>\n<tr>\n<td width=\"100%\">\n<p align=\"center\"><font face=\"Lucida Grande, Lucida Sans Unicode, Verdana, sans-serif\" size=\"2\">Willi als Warhol-Motiv<\/font><\/td>\n<\/tr>\n<tr>\n<td width=\"100%\">\n<p align=\"center\"><img loading=\"lazy\" border=\"0\" src=\"https:\/\/www.willizblog.de\/blogpicts\/photofunia_wa_tv.jpg\" alt=\"Willi im Fernsehen\" width=\"540\" height=\"540\"><\/td>\n<\/tr>\n<tr>\n<td width=\"100%\">\n<p align=\"center\"><font face=\"Lucida Grande, Lucida Sans Unicode, Verdana, sans-serif\" size=\"2\">Willi im Fernsehen<\/font><\/td>\n<\/tr>\n<\/table>\n","protected":false},"excerpt":{"rendered":"<p>Wer m\u00f6chte nicht auch einmal auf der Titelseite einer Zeitung stehen \u2013 mit Bild nat\u00fcrlich. Oder im Fernsehen zu sehen sein. Wie w\u00e4re es als \u201edas Gesicht\u201c auf Werbefl\u00e4chen oder als Kopf auf einer M\u00fcnze? Oder statt Marilyn Monroe auf einem Gem\u00e4lde von Andy Warhol in einer Gem\u00e4ldeausstellung? Man stelle sich vor: Angelina Jolie r\u00e4kelt &hellip; <a href=\"https:\/\/willizblog.de\/?p=1402\" class=\"more-link\"><span class=\"screen-reader-text\">Du, das \u00f6ffentliche Gesicht<\/span> weiterlesen <span class=\"meta-nav\">&rarr;<\/span><\/a><\/p>\n","protected":false},"author":1,"featured_media":0,"comment_status":"open","ping_status":"closed","sticky":false,"template":"","format":"standard","meta":[],"categories":[8],"tags":[],"_links":{"self":[{"href":"https:\/\/willizblog.de\/index.php?rest_route=\/wp\/v2\/posts\/1402"}],"collection":[{"href":"https:\/\/willizblog.de\/index.php?rest_route=\/wp\/v2\/posts"}],"about":[{"href":"https:\/\/willizblog.de\/index.php?rest_route=\/wp\/v2\/types\/post"}],"author":[{"embeddable":true,"href":"https:\/\/willizblog.de\/index.php?rest_route=\/wp\/v2\/users\/1"}],"replies":[{"embeddable":true,"href":"https:\/\/willizblog.de\/index.php?rest_route=%2Fwp%2Fv2%2Fcomments&post=1402"}],"version-history":[{"count":0,"href":"https:\/\/willizblog.de\/index.php?rest_route=\/wp\/v2\/posts\/1402\/revisions"}],"wp:attachment":[{"href":"https:\/\/willizblog.de\/index.php?rest_route=%2Fwp%2Fv2%2Fmedia&parent=1402"}],"wp:term":[{"taxonomy":"category","embeddable":true,"href":"https:\/\/willizblog.de\/index.php?rest_route=%2Fwp%2Fv2%2Fcategories&post=1402"},{"taxonomy":"post_tag","embeddable":true,"href":"https:\/\/willizblog.de\/index.php?rest_route=%2Fwp%2Fv2%2Ftags&post=1402"}],"curies":[{"name":"wp","href":"https:\/\/api.w.org\/{rel}","templated":true}]}}