{"id":1409,"date":"2008-12-28T01:00:17","date_gmt":"2008-12-27T23:00:17","guid":{"rendered":"http:\/\/www.willizblog.de\/?p=1409"},"modified":"2008-12-27T14:31:10","modified_gmt":"2008-12-27T12:31:10","slug":"klappsitz-oder-stammplatz","status":"publish","type":"post","link":"https:\/\/willizblog.de\/?p=1409","title":{"rendered":"Klappsitz oder Stammplatz"},"content":{"rendered":"<p>In dem Beitrag <a href=\"https:\/\/www.willizblog.de\/?p=1402\" target=\"_blank\">Du, das \u00f6ffentliche Gesicht<\/a> stellte ich die Frage: Wer m\u00f6chte nicht auch einmal auf der Titelseite einer Zeitung stehen \u2013 mit Bild nat\u00fcrlich. Nun auf eine Titelseite bin ich zwar nicht gekommen, nur auf Seite 25, und auch nur in einem regionalen Wochenblatt (abwertend K\u00e4seblatt genannt), aber immerhin mit meinem Konterfei.<\/p>\n<p>Eigentlich war es als Leserbrief gemeint, meine Zuschrift an die <a href=\"http:\/\/www.kreiszeitung-wochenblatt.de\/\" target=\"_blank\">Kreiszeitung Nord Heide Wochenblatt<\/a> (<a href=\"https:\/\/www.willizblog.de\/?p=1397\" target=\"_blank\">Mehr als das \u00fcbliche Chaos<\/a>), aber schon am folgenden Tag hatte ich einen Anruf mit der Bitte, ein Foto von mir machen zu d\u00fcrfen \u2013 f\u00fcr einen Artikel in eben dieser Kreiszeitung zu meiner Beschwerde. Ergebnis ist der folgende Artikel:<\/p>\n<p><img src=\"https:\/\/www.willizblog.de\/blogpicts\/klappsitz_statt_stammplatz.jpg\" alt=\"Klappsitz statt Stammplatz\" \/><\/p>\n<p><em>(bim). Anl\u00e4sslich des Fahrplanwechsels wirbt die Metronom Eisenbahngesellschaft mit verbesserten Verbindungen. Pendler Wilfried Albin (54) aus Tostedt kann das nicht best\u00e4tigen: Statt der bisher sechs Waggons hat der erste morgendliche Metronom nur noch vier \u2013 und die sind zur Hauptverkehrszeit, insbesondere ab Tostedt, proppevoll. Damit nicht genug: \u201eMein Stammplatz wurde mit dem neuen Reservierungsplan offensichtlich anderweitig vergeben. Jetzt muss ich froh sein, wenigstens noch einen der wenig komfortablen Klappsitze zu ergattern.\u201c<\/em><\/p>\n<p><em>Wilfried Albin pendelt t\u00e4glich nach Hamburg. Sein Fahrkarten-Abonnement l\u00e4uft zum Ende des Jahres aus, die neue Abo-Marke wird er erst in den kommenden Tagen erhalten. \u201eLeider ist es mir bisher weder \u00fcber die Online-Reservierung der Metronom-Website noch per E-Mail gelungen, meine Reservierung zu verl\u00e4ngern\u201c, sagt Wilfried Albin.<\/em><\/p>\n<p><em>Tatjana Festerling (44) von der Pressestelle der Metronom Eisenbahngesellschaft best\u00e4tigt, dass die Z\u00fcge zu den Hauptverkehrszeiten immer sehr voll sind, aber: \u201eWir haben uns die Fahrgastzahlen sehr genau angesehen und zwei Z\u00fcge den Kapazit\u00e4ten entsprechend getauscht\u201c, so Festerling. Ergebnis: Der Metronom, der um 5.56 Uhr von Tostedt startet, hat nur noch vier Wagen, der Zug, der um 6.10 Uhr losf\u00e4hrt, hat sechs. Weitere Wagen, um die Metronom-Z\u00fcge zu verl\u00e4ngern, stehen nicht zur Verf\u00fcgung.<\/em><\/p>\n<p><em>Bez\u00fcglich der Stammplatz-Reservierung bittet Festerling um Geduld. F\u00fcr die drei Metronom-Strecken m\u00fcssten fast 9.000 Sitzplatzreservierungen f\u00fcr hin- und R\u00fcckfahrten bearbeitet werden. Und das dauere.<\/em><\/p>\n<p><strong>aus:<\/strong> Kreiszeitung Nord Heide Wochenblatt (23.\/24. Dezember 2008 \u2013 Seite 25 \u2013 Tostedter Anzeiger)<\/p>\n","protected":false},"excerpt":{"rendered":"<p>In dem Beitrag Du, das \u00f6ffentliche Gesicht stellte ich die Frage: Wer m\u00f6chte nicht auch einmal auf der Titelseite einer Zeitung stehen \u2013 mit Bild nat\u00fcrlich. Nun auf eine Titelseite bin ich zwar nicht gekommen, nur auf Seite 25, und auch nur in einem regionalen Wochenblatt (abwertend K\u00e4seblatt genannt), aber immerhin mit meinem Konterfei. Eigentlich &hellip; <a href=\"https:\/\/willizblog.de\/?p=1409\" class=\"more-link\"><span class=\"screen-reader-text\">Klappsitz oder Stammplatz<\/span> weiterlesen <span class=\"meta-nav\">&rarr;<\/span><\/a><\/p>\n","protected":false},"author":1,"featured_media":0,"comment_status":"open","ping_status":"closed","sticky":false,"template":"","format":"standard","meta":[],"categories":[22],"tags":[],"_links":{"self":[{"href":"https:\/\/willizblog.de\/index.php?rest_route=\/wp\/v2\/posts\/1409"}],"collection":[{"href":"https:\/\/willizblog.de\/index.php?rest_route=\/wp\/v2\/posts"}],"about":[{"href":"https:\/\/willizblog.de\/index.php?rest_route=\/wp\/v2\/types\/post"}],"author":[{"embeddable":true,"href":"https:\/\/willizblog.de\/index.php?rest_route=\/wp\/v2\/users\/1"}],"replies":[{"embeddable":true,"href":"https:\/\/willizblog.de\/index.php?rest_route=%2Fwp%2Fv2%2Fcomments&post=1409"}],"version-history":[{"count":0,"href":"https:\/\/willizblog.de\/index.php?rest_route=\/wp\/v2\/posts\/1409\/revisions"}],"wp:attachment":[{"href":"https:\/\/willizblog.de\/index.php?rest_route=%2Fwp%2Fv2%2Fmedia&parent=1409"}],"wp:term":[{"taxonomy":"category","embeddable":true,"href":"https:\/\/willizblog.de\/index.php?rest_route=%2Fwp%2Fv2%2Fcategories&post=1409"},{"taxonomy":"post_tag","embeddable":true,"href":"https:\/\/willizblog.de\/index.php?rest_route=%2Fwp%2Fv2%2Ftags&post=1409"}],"curies":[{"name":"wp","href":"https:\/\/api.w.org\/{rel}","templated":true}]}}