{"id":141,"date":"2005-05-16T14:46:51","date_gmt":"2005-05-16T13:46:51","guid":{"rendered":"http:\/\/www.albinz.de\/blog\/?p=141"},"modified":"2011-02-23T19:01:57","modified_gmt":"2011-02-23T18:01:57","slug":"ich-der-punk-daddy","status":"publish","type":"post","link":"https:\/\/willizblog.de\/?p=141","title":{"rendered":"Ich, der Punk-Daddy?!"},"content":{"rendered":"<p>Am Freitag, den 14.05., war ich mit meinem Sohn Jan und seinem Kumpel Eike in Bremerhaven, um in der dortigen Stadthalle ein Konzert der &#8218;<a href=\"http:\/\/www.dietotenhosen.de\/\" target=\"_blank\">Toten Hosen<\/a>&#8218; zu besuchen. Bereits Ende Dezember 2004 war ich in Hamburg (AOL-Arena) zu Jans erstem Konzert der Hosen, \u00fcberhaupt Jans erstem Konzert. Das wurde durch die bescheidene Akustik der AOL-Arena etwas getr\u00fcbt. In Bremerhaven war der Klang dann doch um einiges besser (soweit man bei einer gr\u00f6\u00dferen Mehrzweckhalle \u00fcberhaupt von Akustik reden kann). Auf jeden Fall war es laut. Ginge man nicht freiwillig in ein solches Konzert, dann w\u00e4re der Tatbestand der K\u00f6rperverletzung sicherlich erf\u00fcllt.<\/p>\n<ul><img src=\"http:\/\/www.jans-site.net\/images\/hosen_konzert_2005.jpg\" alt=\"Eintrittskarte DTH Bremerhaven\" \/><\/ul>\n<p>Die Stimmung war auf jeden Fall gut und auch ziemlich famil\u00e4r, wenn man das im Kreise von Punks (M\u00f6chtegern- und Freizeitpunks) so nennen kann. Immerhin bekam ich viel Lob, weil ich mir das antat und mit meinem Sohn ein Hosen-Konzert besuchte. Viel Schulterklopfen und Begr\u00fc\u00dfungen durch wildfremde Menschen mit &#8218;Hi, Daddy &#8230;!&#8216; und &#8218;Hallo, Papa &#8230;!&#8216;. Ein Bier bekam ich dann aber doch nicht ausgegeben; das musste ich selbst bezahlen. Aber irgendwo hatte ich durchaus auch meinen Spa\u00df bei dem Konzert.<\/p>\n","protected":false},"excerpt":{"rendered":"<p>Am Freitag, den 14.05., war ich mit meinem Sohn Jan und seinem Kumpel Eike in Bremerhaven, um in der dortigen Stadthalle ein Konzert der &#8218;Toten Hosen&#8218; zu besuchen. Bereits Ende Dezember 2004 war ich in Hamburg (AOL-Arena) zu Jans erstem Konzert der Hosen, \u00fcberhaupt Jans erstem Konzert. Das wurde durch die bescheidene Akustik der AOL-Arena &hellip; <a href=\"https:\/\/willizblog.de\/?p=141\" class=\"more-link\"><span class=\"screen-reader-text\">Ich, der Punk-Daddy?!<\/span> weiterlesen <span class=\"meta-nav\">&rarr;<\/span><\/a><\/p>\n","protected":false},"author":1,"featured_media":0,"comment_status":"closed","ping_status":"closed","sticky":false,"template":"","format":"standard","meta":[],"categories":[5],"tags":[],"_links":{"self":[{"href":"https:\/\/willizblog.de\/index.php?rest_route=\/wp\/v2\/posts\/141"}],"collection":[{"href":"https:\/\/willizblog.de\/index.php?rest_route=\/wp\/v2\/posts"}],"about":[{"href":"https:\/\/willizblog.de\/index.php?rest_route=\/wp\/v2\/types\/post"}],"author":[{"embeddable":true,"href":"https:\/\/willizblog.de\/index.php?rest_route=\/wp\/v2\/users\/1"}],"replies":[{"embeddable":true,"href":"https:\/\/willizblog.de\/index.php?rest_route=%2Fwp%2Fv2%2Fcomments&post=141"}],"version-history":[{"count":0,"href":"https:\/\/willizblog.de\/index.php?rest_route=\/wp\/v2\/posts\/141\/revisions"}],"wp:attachment":[{"href":"https:\/\/willizblog.de\/index.php?rest_route=%2Fwp%2Fv2%2Fmedia&parent=141"}],"wp:term":[{"taxonomy":"category","embeddable":true,"href":"https:\/\/willizblog.de\/index.php?rest_route=%2Fwp%2Fv2%2Fcategories&post=141"},{"taxonomy":"post_tag","embeddable":true,"href":"https:\/\/willizblog.de\/index.php?rest_route=%2Fwp%2Fv2%2Ftags&post=141"}],"curies":[{"name":"wp","href":"https:\/\/api.w.org\/{rel}","templated":true}]}}