{"id":1413,"date":"2009-01-02T00:59:15","date_gmt":"2009-01-01T22:59:15","guid":{"rendered":"http:\/\/www.willizblog.de\/?p=1413"},"modified":"2009-01-18T20:56:36","modified_gmt":"2009-01-18T18:56:36","slug":"1968-strasenbahnunruhen-in-bremen","status":"publish","type":"post","link":"https:\/\/willizblog.de\/?p=1413","title":{"rendered":"1968: Stra\u00dfenbahnunruhen in Bremen"},"content":{"rendered":"<p>Das Jahr 1968 steht f\u00fcr <a href=\"https:\/\/de.wikipedia.org\/wiki\/68er-Bewegung\" target=\"_blank\">eine Bewegung<\/a>, die mit Studentenunruhen begann und durch den Tod des Studenten Benno Ohnsorg am 2. Juni 1967, der w\u00e4hrend der Demonstrationen gegen den Staatsbesuch des iranischen Schahs von einem Polizisten erschossen wurde, zunehmend militanter wurde.<\/p>\n<p>Anfang des Jahres 1968 war ich gerade 14 Jahre alt und Sch\u00fcler in Bremen. Dieses Jahr begann in Bremen mit den so genannten <a href=\"https:\/\/de.wikipedia.org\/wiki\/Bremer_Stra%C3%9Fenbahnunruhen_1968\" target=\"_blank\">Stra\u00dfenbahnunruhen<\/a>: Vom 15. bis zum 18. Januar 1968 blockierten Bremer Sch\u00fclerinnen und Sch\u00fcler vier Tage lang an jedem Nachmittag die Schienen der Bremer Stra\u00dfenbahn AG. Sie protestierten damit gegen die Fahrpreiserh\u00f6hungen. Ihre Parole lautete: &#8222;70 Pfennig &#8211; lieber renn ich\u201c. Tats\u00e4chlich ging es aber um viel mehr: Es war der Startschuss f\u00fcr die 68er-Bewegung in Bremen. <\/p>\n<p><img src=\"https:\/\/www.willizblog.de\/blogpicts\/strassenbahnunruhen_1968_bremen.jpg\" alt=\"Bremer Stra\u00dfenbahnunruhen 1968\" \/><\/p>\n<p>W\u00e4hrend der Unruhen kam es in der Bremer Innenstadt zu schweren gewaltt\u00e4tigen Auseinandersetzungen zwischen den Demonstrierenden und Polizeikr\u00e4ften (Polizeipr\u00e4sident Erich von Bock und Pollach erteilte die Devise \u201eDraufhauen, draufhauen, nachsetzen!\u201c). Letztendlich wurden die Fahrpreiserh\u00f6hungen aber zur\u00fcckgenommen.<\/p>\n<p>siehe hierzu den Beitrag bei Radio Bremen TV: <a href=\"http:\/\/www.radiobremen.de\/magazin\/geschichte\/bremen\/68er\/demos.html\" target=\"_blank\">Die Stra\u00dfenbahnunruhen von 1968<\/a><\/p>\n<p>Ich erlebte die Unruhen zun\u00e4chst aus der \u201asicheren\u2019 Distanz. Es gab aber einige Mitsch\u00fcler aus meiner Klasse, die sich an den Demonstrationen beteiligten \u2013 und so kam auch ich dazu, daran teilzunehmen. Bereits vor dem Gymnasium am Leibnizplatz wurden wir damals von der Polizei zur\u00fcckgedr\u00e4ngt, erreichten dann aber doch das andere Weserufer, wo auf der Domsheide die eigentlichen Proteste stattfanden. Ich erinnere mich an hei\u00dfe Diskussion in der \u201eMarktschenke\u201c in der Violenstra\u00dfe, dort wo Ende 1967 der \u201eUnabh\u00e4ngigen Sch\u00fclerbund\u201c (USB) gegr\u00fcndet wurde. Eine Sp\u00e4tfolge war u.a. auch das, was als \u201eKlassenbuchklau\u201c in die Geschichte einiger Schulen in Bremen einging.<\/p>\n<p>Die politischen Auseinandersetzungen verlagerten sich von der Stra\u00dfe in die Schulen. Hier gr\u00fcndeten sich Basisgruppen, in denen die Sch\u00fcler sozialistisch geschult wurden. F\u00fcr mich war das Ganze zu einseitig ausgelegt, sodass ich mich schon bald nicht mehr daran beteiligte. Wir fanden aber im folgenden Jahr 1969 wieder zusammen, als die Gefahr bestand, dass die NPD bei der <a href=\"https:\/\/de.wikipedia.org\/wiki\/Bundestagswahl_1969\" target=\"_blank\">Bundestagswahl<\/a> die 5-%-H\u00fcrde \u00fcberspringt. So gab es anl\u00e4sslich einer Versammlung der NPD in der Stadthalle Bremen eine gro\u00dfe Demonstration gegen diese Veranstaltung, an der auch ich mich beteiligte.<\/p>\n","protected":false},"excerpt":{"rendered":"<p>Das Jahr 1968 steht f\u00fcr eine Bewegung, die mit Studentenunruhen begann und durch den Tod des Studenten Benno Ohnsorg am 2. Juni 1967, der w\u00e4hrend der Demonstrationen gegen den Staatsbesuch des iranischen Schahs von einem Polizisten erschossen wurde, zunehmend militanter wurde. Anfang des Jahres 1968 war ich gerade 14 Jahre alt und Sch\u00fcler in Bremen. &hellip; <a href=\"https:\/\/willizblog.de\/?p=1413\" class=\"more-link\"><span class=\"screen-reader-text\">1968: Stra\u00dfenbahnunruhen in Bremen<\/span> weiterlesen <span class=\"meta-nav\">&rarr;<\/span><\/a><\/p>\n","protected":false},"author":1,"featured_media":0,"comment_status":"open","ping_status":"closed","sticky":false,"template":"","format":"standard","meta":[],"categories":[12],"tags":[],"_links":{"self":[{"href":"https:\/\/willizblog.de\/index.php?rest_route=\/wp\/v2\/posts\/1413"}],"collection":[{"href":"https:\/\/willizblog.de\/index.php?rest_route=\/wp\/v2\/posts"}],"about":[{"href":"https:\/\/willizblog.de\/index.php?rest_route=\/wp\/v2\/types\/post"}],"author":[{"embeddable":true,"href":"https:\/\/willizblog.de\/index.php?rest_route=\/wp\/v2\/users\/1"}],"replies":[{"embeddable":true,"href":"https:\/\/willizblog.de\/index.php?rest_route=%2Fwp%2Fv2%2Fcomments&post=1413"}],"version-history":[{"count":0,"href":"https:\/\/willizblog.de\/index.php?rest_route=\/wp\/v2\/posts\/1413\/revisions"}],"wp:attachment":[{"href":"https:\/\/willizblog.de\/index.php?rest_route=%2Fwp%2Fv2%2Fmedia&parent=1413"}],"wp:term":[{"taxonomy":"category","embeddable":true,"href":"https:\/\/willizblog.de\/index.php?rest_route=%2Fwp%2Fv2%2Fcategories&post=1413"},{"taxonomy":"post_tag","embeddable":true,"href":"https:\/\/willizblog.de\/index.php?rest_route=%2Fwp%2Fv2%2Ftags&post=1413"}],"curies":[{"name":"wp","href":"https:\/\/api.w.org\/{rel}","templated":true}]}}