{"id":1414,"date":"2009-01-01T01:00:29","date_gmt":"2008-12-31T23:00:29","guid":{"rendered":"http:\/\/www.willizblog.de\/?p=1414"},"modified":"2009-01-01T18:50:41","modified_gmt":"2009-01-01T16:50:41","slug":"intelligenz-und-%e2%80%9egeistiges-alter%e2%80%9c","status":"publish","type":"post","link":"https:\/\/willizblog.de\/?p=1414","title":{"rendered":"Intelligenz und \u201egeistiges Alter\u201c"},"content":{"rendered":"<p>Am Dienstag, den 30.12., lief <a href=\"http:\/\/www.ard.de\/\" target=\"_blank\">im Ersten (ARD)<\/a> die Sendung <em>\u201eDeutschlands gr\u00f6\u00dfter Ged\u00e4chtnistest\u201c<\/em>. Quiz- und Fragesendungen sind seit Jahren popul\u00e4r im deutschen Fernsehen. Jetzt geht es nicht nur mehr um m\u00f6glichst breites Allgemeinwissen, sondern die geistige Flexibilit\u00e4t bis hin zur Ermittlung des <a href=\"https:\/\/de.wikipedia.org\/wiki\/Intelligenzquotient\" target=\"_blank\">IQ (Intelligenzquotient)<\/a> steht im Mittelpunkt einer abendf\u00fcllenden TV-Sendung.<\/p>\n<p>Nun, willst auch Du Dein &#8222;geistiges Alter&#8220; erfahren? Dann kannst Du die Sendung am PC nachspielen: <a href=\"http:\/\/www.daserste.de\/gedaechtnistest\/\" target=\"_blank\">Deutschlands gr\u00f6\u00dfter Ged\u00e4chtnistest<\/a>. Und willst Du gar wissen, welchen IQ Du besitzt, dann gibt es u.a. hier einen <a href=\"http:\/\/iqtest.sueddeutsche.de\/\" target=\"_blank\">IQ-Test<\/a>.<\/p>\n<p><img src=\"https:\/\/www.albinz.net\/models\/einsteins_zunge.jpg\" alt=\"Albert Einstein\" \/><\/p>\n<p>Ich muss gestehen, dass mir Ged\u00e4chtnisaufgaben, die sich auf das \u201aMerken\u2019 von Begriffen oder gar Zahlenkolonnen beziehen, noch nie gelegen haben. In der Schule mussten wir Rechenausgaben im Kopf l\u00f6sen. Ich habe mich schon damals geweigert, an diesem Denksport teilzunehmen. Sollte ich einmal vom Lehrer aufgerufen werden, die L\u00f6sung zu nennen, dann habe ich irgendeine beliebige Zahl genannt (ich gebe zu, im \u201aHintergrund\u2019 habe ich versucht die Zahl zu sch\u00e4tzen). Wenn es aber um Logik und dergleichen geht, dann bin ich immer ganz gut drauf.<\/p>\n<p>Gerade zum neuen Jahr ist etwas Gehirntraining ganz gut, damit der Kopf etwas gel\u00fcftet wird. Wer es also wagt, der kann nur gewinnen, oder?<\/p>\n","protected":false},"excerpt":{"rendered":"<p>Am Dienstag, den 30.12., lief im Ersten (ARD) die Sendung \u201eDeutschlands gr\u00f6\u00dfter Ged\u00e4chtnistest\u201c. Quiz- und Fragesendungen sind seit Jahren popul\u00e4r im deutschen Fernsehen. Jetzt geht es nicht nur mehr um m\u00f6glichst breites Allgemeinwissen, sondern die geistige Flexibilit\u00e4t bis hin zur Ermittlung des IQ (Intelligenzquotient) steht im Mittelpunkt einer abendf\u00fcllenden TV-Sendung. Nun, willst auch Du Dein &hellip; <a href=\"https:\/\/willizblog.de\/?p=1414\" class=\"more-link\"><span class=\"screen-reader-text\">Intelligenz und \u201egeistiges Alter\u201c<\/span> weiterlesen <span class=\"meta-nav\">&rarr;<\/span><\/a><\/p>\n","protected":false},"author":1,"featured_media":0,"comment_status":"open","ping_status":"closed","sticky":false,"template":"","format":"standard","meta":[],"categories":[15],"tags":[],"_links":{"self":[{"href":"https:\/\/willizblog.de\/index.php?rest_route=\/wp\/v2\/posts\/1414"}],"collection":[{"href":"https:\/\/willizblog.de\/index.php?rest_route=\/wp\/v2\/posts"}],"about":[{"href":"https:\/\/willizblog.de\/index.php?rest_route=\/wp\/v2\/types\/post"}],"author":[{"embeddable":true,"href":"https:\/\/willizblog.de\/index.php?rest_route=\/wp\/v2\/users\/1"}],"replies":[{"embeddable":true,"href":"https:\/\/willizblog.de\/index.php?rest_route=%2Fwp%2Fv2%2Fcomments&post=1414"}],"version-history":[{"count":0,"href":"https:\/\/willizblog.de\/index.php?rest_route=\/wp\/v2\/posts\/1414\/revisions"}],"wp:attachment":[{"href":"https:\/\/willizblog.de\/index.php?rest_route=%2Fwp%2Fv2%2Fmedia&parent=1414"}],"wp:term":[{"taxonomy":"category","embeddable":true,"href":"https:\/\/willizblog.de\/index.php?rest_route=%2Fwp%2Fv2%2Fcategories&post=1414"},{"taxonomy":"post_tag","embeddable":true,"href":"https:\/\/willizblog.de\/index.php?rest_route=%2Fwp%2Fv2%2Ftags&post=1414"}],"curies":[{"name":"wp","href":"https:\/\/api.w.org\/{rel}","templated":true}]}}