{"id":1419,"date":"2009-01-07T18:55:15","date_gmt":"2009-01-07T16:55:15","guid":{"rendered":"http:\/\/www.willizblog.de\/?p=1419"},"modified":"2009-01-07T18:55:15","modified_gmt":"2009-01-07T16:55:15","slug":"den-winter-im-griff","status":"publish","type":"post","link":"https:\/\/willizblog.de\/?p=1419","title":{"rendered":"Den Winter im Griff?!"},"content":{"rendered":"<p>Die Nacht zum Drei-K\u00f6nigstag war die k\u00e4lteste seit gut 20 Jahren. Wir im Bereich Bremen-Hamburg sind dabei noch glimpflich davon gekommen, weil uns der vorausgesagte Schnee versagt geblieben ist, sich damit aber auch die n\u00e4chtlichen Tiefstwerte in einem ertr\u00e4glichen Ma\u00dfe hielten \u2013 minus 10 bis 12 Grad. Aber auch das reicht &#8230; In der Mitte Deutschlands wurden hingegen bis zu \u2013 27,7 \u00b0 C gemessen.<\/p>\n<p><img src=\"https:\/\/www.willizblog.de\/blogpicts\/winter_im_griff.jpg\" alt=\"Winter spielend im Griff?!\" \/><\/p>\n<p>Nun, wie soll es weitergehen? Heute fiel etwas Schnee in Norddeutschland und bepuderte die Landschaft \u2013 viel war es nicht. Die kommende Nacht zum Donnerstag soll noch einmal sehr kalt werden, selbst bei uns sind minus 10 bis 15 Grad vorhergesagt. Dann schw\u00e4cht sich der Frost so langsam ab.<\/p>\n<p>Und zu alledem noch der <a href=\"http:\/\/www.heute.de\/ZDFheute\/inhalt\/7\/0,3672,7501927,00.html\" target=\"_blank\">Gasstreit zwischen Russland und Ukraine<\/a>; zz. kommt  \u00fcber die Gaspipelines durch die Ukraine kein russisches Gas mehr nach Europa. Eskaliert der Streit, dann k\u00f6nnten auch wir bei uns bald sibirische Verh\u00e4ltnisse haben. Eisblumen an den Fenstern sieht zwar sch\u00f6n aus \u2013 aber: nein, danke, das muss nicht mehr sein.<\/p>\n<p>siehe auch zdf.de: <a href=\"http:\/\/www.heute.de\/ZDFheute\/inhalt\/31\/0,3672,7501951,00.html\" target=\"_blank\">Eisnacht bricht viele Rekorde<\/a><\/p>\n","protected":false},"excerpt":{"rendered":"<p>Die Nacht zum Drei-K\u00f6nigstag war die k\u00e4lteste seit gut 20 Jahren. Wir im Bereich Bremen-Hamburg sind dabei noch glimpflich davon gekommen, weil uns der vorausgesagte Schnee versagt geblieben ist, sich damit aber auch die n\u00e4chtlichen Tiefstwerte in einem ertr\u00e4glichen Ma\u00dfe hielten \u2013 minus 10 bis 12 Grad. Aber auch das reicht &#8230; In der Mitte &hellip; <a href=\"https:\/\/willizblog.de\/?p=1419\" class=\"more-link\"><span class=\"screen-reader-text\">Den Winter im Griff?!<\/span> weiterlesen <span class=\"meta-nav\">&rarr;<\/span><\/a><\/p>\n","protected":false},"author":1,"featured_media":0,"comment_status":"open","ping_status":"closed","sticky":false,"template":"","format":"standard","meta":[],"categories":[16],"tags":[],"_links":{"self":[{"href":"https:\/\/willizblog.de\/index.php?rest_route=\/wp\/v2\/posts\/1419"}],"collection":[{"href":"https:\/\/willizblog.de\/index.php?rest_route=\/wp\/v2\/posts"}],"about":[{"href":"https:\/\/willizblog.de\/index.php?rest_route=\/wp\/v2\/types\/post"}],"author":[{"embeddable":true,"href":"https:\/\/willizblog.de\/index.php?rest_route=\/wp\/v2\/users\/1"}],"replies":[{"embeddable":true,"href":"https:\/\/willizblog.de\/index.php?rest_route=%2Fwp%2Fv2%2Fcomments&post=1419"}],"version-history":[{"count":0,"href":"https:\/\/willizblog.de\/index.php?rest_route=\/wp\/v2\/posts\/1419\/revisions"}],"wp:attachment":[{"href":"https:\/\/willizblog.de\/index.php?rest_route=%2Fwp%2Fv2%2Fmedia&parent=1419"}],"wp:term":[{"taxonomy":"category","embeddable":true,"href":"https:\/\/willizblog.de\/index.php?rest_route=%2Fwp%2Fv2%2Fcategories&post=1419"},{"taxonomy":"post_tag","embeddable":true,"href":"https:\/\/willizblog.de\/index.php?rest_route=%2Fwp%2Fv2%2Ftags&post=1419"}],"curies":[{"name":"wp","href":"https:\/\/api.w.org\/{rel}","templated":true}]}}