{"id":142,"date":"2005-05-17T16:12:29","date_gmt":"2005-05-17T15:12:29","guid":{"rendered":"http:\/\/www.albinz.de\/blog\/?p=142"},"modified":"2006-09-01T11:06:45","modified_gmt":"2006-09-01T09:06:45","slug":"jethro-tull-auf-deutschland-tournee","status":"publish","type":"post","link":"https:\/\/willizblog.de\/?p=142","title":{"rendered":"Jethro Tull auf Deutschland-Tournee"},"content":{"rendered":"<p>Im Juni 2005 kommt <a href=\"http:\/\/www.jethrotull.com\/\" target=\"_blank\">Jethro Tull<\/a> wieder auf Deutschland-Tournee. Hier die Termine:<\/p>\n<p>1 Juni Leipzig<br \/>\n3 Juni Berlin<br \/>\n4 Juni Bad Franken<br \/>\n5 Juni Dresden<br \/>\n7 Juni Zwickau<br \/>\n8 Juni Schwerin<br \/>\n9 Juni Magdeburg<br \/>\n10 Juni Bremerhaven<br \/>\n11 Juni Bochum<br \/>\n15 Juni K\u00f6ln<br \/>\n16 Juni Rastatt<br \/>\n17 Juni N\u00fcrnberg<br \/>\n18 Juni Hannover<br \/>\n21 Juni M\u00fcnchen<br \/>\n22 Juni Weilburg <\/p>\n<p>Am 10. Juni werde ich mit meinem alten Kumpel Helmut Liebeck, der bekanntlich in Bremerhaven wohnt, das dortige Konzert in der Stadthalle besuchen. Nach langer Zeit ist es wieder ein Konzertbesuch von mir bei Mr. Ian Anderson &#038; Co.:<\/p>\n<ul><img src=\"https:\/\/www.willizblog.de\/albpics\/jt_willi_2005.jpg\" alt=\"Willi mit Konzertplakat Jethro Tull Tour 2005\" \/>   <img src=\"https:\/\/www.willizblog.de\/albpics\/jt_bremerhaven_2005.jpg\" alt=\"Konzertplakat Jethro Tull 10. Juni 2005 Bremerhaven\" \/><\/ul>\n<p>siehe auch: <a href=\"https:\/\/www.albinz.net\/jethrotull\/\" target=\"_blank\">WilliZ Jethro Tull Site<\/a><\/p>\n<p><a href=\"http:\/\/babelfish.altavista.com\/babelfish\/trurl_pagecontent?url=https:\/\/www.willizblog.de\/?p=142&#038;lp=de%5Fen\" target=\"_blank\">Translation english<\/a><\/p>\n","protected":false},"excerpt":{"rendered":"<p>Im Juni 2005 kommt Jethro Tull wieder auf Deutschland-Tournee. Hier die Termine: 1 Juni Leipzig 3 Juni Berlin 4 Juni Bad Franken 5 Juni Dresden 7 Juni Zwickau 8 Juni Schwerin 9 Juni Magdeburg 10 Juni Bremerhaven 11 Juni Bochum 15 Juni K\u00f6ln 16 Juni Rastatt 17 Juni N\u00fcrnberg 18 Juni Hannover 21 Juni M\u00fcnchen &hellip; <a href=\"https:\/\/willizblog.de\/?p=142\" class=\"more-link\"><span class=\"screen-reader-text\">Jethro Tull auf Deutschland-Tournee<\/span> weiterlesen <span class=\"meta-nav\">&rarr;<\/span><\/a><\/p>\n","protected":false},"author":1,"featured_media":0,"comment_status":"closed","ping_status":"closed","sticky":false,"template":"","format":"standard","meta":[],"categories":[9],"tags":[],"_links":{"self":[{"href":"https:\/\/willizblog.de\/index.php?rest_route=\/wp\/v2\/posts\/142"}],"collection":[{"href":"https:\/\/willizblog.de\/index.php?rest_route=\/wp\/v2\/posts"}],"about":[{"href":"https:\/\/willizblog.de\/index.php?rest_route=\/wp\/v2\/types\/post"}],"author":[{"embeddable":true,"href":"https:\/\/willizblog.de\/index.php?rest_route=\/wp\/v2\/users\/1"}],"replies":[{"embeddable":true,"href":"https:\/\/willizblog.de\/index.php?rest_route=%2Fwp%2Fv2%2Fcomments&post=142"}],"version-history":[{"count":0,"href":"https:\/\/willizblog.de\/index.php?rest_route=\/wp\/v2\/posts\/142\/revisions"}],"wp:attachment":[{"href":"https:\/\/willizblog.de\/index.php?rest_route=%2Fwp%2Fv2%2Fmedia&parent=142"}],"wp:term":[{"taxonomy":"category","embeddable":true,"href":"https:\/\/willizblog.de\/index.php?rest_route=%2Fwp%2Fv2%2Fcategories&post=142"},{"taxonomy":"post_tag","embeddable":true,"href":"https:\/\/willizblog.de\/index.php?rest_route=%2Fwp%2Fv2%2Ftags&post=142"}],"curies":[{"name":"wp","href":"https:\/\/api.w.org\/{rel}","templated":true}]}}