{"id":1421,"date":"2009-01-09T06:02:05","date_gmt":"2009-01-09T04:02:05","guid":{"rendered":"http:\/\/www.willizblog.de\/?p=1421"},"modified":"2009-01-09T09:10:12","modified_gmt":"2009-01-09T07:10:12","slug":"europas-digitale-bibliothek","status":"publish","type":"post","link":"https:\/\/willizblog.de\/?p=1421","title":{"rendered":"Europas digitale Bibliothek"},"content":{"rendered":"<p>Google beginnt damit, angloamerikanische B\u00fccher online zu stellen. Damit die Sichtweise nicht zu einseitig wird, hat nun auch Europa begonnen, seine gro\u00dfen Bibliotheken zu digitalisieren und unter dem Dach einer Europ\u00e4ischen Digitalbibliothek zusammenzuf\u00fchren und damit f\u00fcr jedermann online verf\u00fcgbar zu machen. Nach einem Fehlstart ist der Rohbau jetzt fertig: <a href=\"http:\/\/www.europeana.eu\/portal\/index.html\" target=\"_blank\"><strong>europeana<\/strong><\/a><\/p>\n<p><img src=\"https:\/\/www.willizblog.de\/blogpicts\/europeana.jpg\" alt=\"europeana - Europas digitale Bibliothek\" \/><\/p>\n<p>Vieles funktioniert wohl noch nicht, aber das Ziel ist erkennbar. Als Liebhaber alter B\u00fccher und insbesondere von alten Landkarten bekomme ich hier eine Spielwiese, die ihresgleichen in dieser Form anderswo vergeblich sucht.<\/p>\n<p>Die Europeana beherbergt bereits jetzt zwei Millionen B\u00fccher, Bilder, Fotos, Videos und Tondokumente aus den Nationalbibliotheken und Kulturinstituten der 27 EU-Mitgliedstaaten. Doch das sei erst der Anfang, sagt Viviane Reding, in der EU-Kommission f\u00fcr Informationsgesellschaft und Medien zust\u00e4ndig. &#8222;Mein Ziel ist es, dass Europeana im Jahr 2010 mindestens 10 Millionen Objekte enth\u00e4lt&#8220;.<\/p>\n<p>siehe auch zdf.de: <a href=\"http:\/\/www.heute.de\/ZDFheute\/inhalt\/7\/0,3672,7502247,00.html\" target=\"_blank\">Europeana nach Fehlstart wieder online<\/a><\/p>\n","protected":false},"excerpt":{"rendered":"<p>Google beginnt damit, angloamerikanische B\u00fccher online zu stellen. Damit die Sichtweise nicht zu einseitig wird, hat nun auch Europa begonnen, seine gro\u00dfen Bibliotheken zu digitalisieren und unter dem Dach einer Europ\u00e4ischen Digitalbibliothek zusammenzuf\u00fchren und damit f\u00fcr jedermann online verf\u00fcgbar zu machen. Nach einem Fehlstart ist der Rohbau jetzt fertig: europeana Vieles funktioniert wohl noch nicht, &hellip; <a href=\"https:\/\/willizblog.de\/?p=1421\" class=\"more-link\"><span class=\"screen-reader-text\">Europas digitale Bibliothek<\/span> weiterlesen <span class=\"meta-nav\">&rarr;<\/span><\/a><\/p>\n","protected":false},"author":1,"featured_media":0,"comment_status":"open","ping_status":"closed","sticky":false,"template":"","format":"standard","meta":[],"categories":[15,3],"tags":[],"_links":{"self":[{"href":"https:\/\/willizblog.de\/index.php?rest_route=\/wp\/v2\/posts\/1421"}],"collection":[{"href":"https:\/\/willizblog.de\/index.php?rest_route=\/wp\/v2\/posts"}],"about":[{"href":"https:\/\/willizblog.de\/index.php?rest_route=\/wp\/v2\/types\/post"}],"author":[{"embeddable":true,"href":"https:\/\/willizblog.de\/index.php?rest_route=\/wp\/v2\/users\/1"}],"replies":[{"embeddable":true,"href":"https:\/\/willizblog.de\/index.php?rest_route=%2Fwp%2Fv2%2Fcomments&post=1421"}],"version-history":[{"count":0,"href":"https:\/\/willizblog.de\/index.php?rest_route=\/wp\/v2\/posts\/1421\/revisions"}],"wp:attachment":[{"href":"https:\/\/willizblog.de\/index.php?rest_route=%2Fwp%2Fv2%2Fmedia&parent=1421"}],"wp:term":[{"taxonomy":"category","embeddable":true,"href":"https:\/\/willizblog.de\/index.php?rest_route=%2Fwp%2Fv2%2Fcategories&post=1421"},{"taxonomy":"post_tag","embeddable":true,"href":"https:\/\/willizblog.de\/index.php?rest_route=%2Fwp%2Fv2%2Ftags&post=1421"}],"curies":[{"name":"wp","href":"https:\/\/api.w.org\/{rel}","templated":true}]}}