{"id":1423,"date":"2009-01-12T14:03:37","date_gmt":"2009-01-12T12:03:37","guid":{"rendered":"http:\/\/www.willizblog.de\/?p=1423"},"modified":"2009-01-12T14:04:53","modified_gmt":"2009-01-12T12:04:53","slug":"meditationen-uber-mozart-%e2%99%ab","status":"publish","type":"post","link":"https:\/\/willizblog.de\/?p=1423","title":{"rendered":"Meditationen \u00fcber Mozart"},"content":{"rendered":"<p>Am letzten Freitag begleitete ich meinen j\u00fcngeren Sohn zu einem Arzt in Bremen, bei dem er an einer <a href=\"https:\/\/de.wikipedia.org\/wiki\/Alfred_A._Tomatis\" target=\"_blank\">H\u00f6rtherapie nach der Methode von Dr. Alfred Tomatis<\/a>, auch Mozart-Therapie genannt, teilnimmt. Grundlage dieser Therapie ist die Verwendung speziell ausgesuchter Musik: sinfonische und konzertante Werke von <a href=\"https:\/\/de.wikipedia.org\/wiki\/Wolfgang_Amadeus_Mozart\" target=\"_blank\">W.A. Mozart<\/a> und gregorianische Ges\u00e4nge, die mit speziellen elektronisch gesteuerten Verst\u00e4rker- und Filtersystemen bearbeitet wurden (z.B. werden einmal hohe, dann tiefe Frequenzen hervorgehoben). Hierzu sp\u00e4ter einmal mehr.<\/p>\n<p>W\u00e4hrend mein Sohn seine spezielle H\u00f6rtherapie absolvierte, d\u00fcrfte ich mir ein behagliches Pl\u00e4tzchen aussuchen und legte mich so f\u00fcr zwei Stunden auf eine Matratze, um den Kl\u00e4ngen von Mozart zu lauschen.<\/p>\n<p><img src=\"https:\/\/www.willizblog.de\/albpics\/mozart.jpg\" alt=\"Mozart\" \/><\/p>\n<p>Allgemein werden mit Mozarts Musik in den unterschiedlichsten therapeutischen Bereichen Behandlungserfolge verzeichnet \u2013 bei Mensch und Tier. Ich hatte nun zwei Stunden Zeit, um \u00fcber Mozart und seine Musik zu meditieren:<\/p>\n<p>Neben seiner Musik ist mir Mozart in der Literatur bei Hermann Hesse und dessen <a href=\"https:\/\/de.wikipedia.org\/wiki\/Der_Steppenwolf\" target=\"_blank\">Steppenwolf<\/a>, dort in dem magischen Theater, bekannt. Und es gibt die durchaus sehenswerte Verfilmung von Mozart von Milos Forman (<a href=\"https:\/\/www.willizblog.de\/?p=347\" target=\"_blank\">Amadeus, der Gr\u00f6\u00dfte<\/a>).<\/p>\n<p>Wie bei Hesse so habe ich mir Gedanken gemacht, wie es w\u00e4re, wenn Mozart heute leben w\u00fcrde, welche Musik er komponieren und selbst spielen w\u00fcrde. Dazu schrieb ich einmal in <a href=\"https:\/\/www.willizblog.de\/?p=375\" target=\"_blank\">Also sprach Schincklass \u2013 Mozart<\/a>:<\/p>\n<p><em>Und was h\u00e4ltst du von folgender \u00dcberlegung: Mozart heute?! Was w\u00e4re, wenn Mozart heute leben w\u00fcrde? Ich bin mir zwar nicht sicher, aber ich glaube schon, dass Mozart heute einer der gr\u00f6\u00dften Rock \u2019n\u2019 Roller w\u00e4re, den die Welt kennt. Nat\u00fcrlich ist diese Spekulation m\u00fc\u00dfig. Aber schon zu Lebzeiten, also vor \u00fcber 200 Jahren, da war Mozart das, was heute vielleicht die Punks sind. Ja, ich behaupte, Mozart war der erste Punk. Er hat sich auch nicht um Konventionen geschert.<\/em><\/p>\n<p>Mozart war ein Musikgenie, wie es ein solches kaum alle Tage gibt. Ein Mozart heute, der nicht allein in der klassischen Musik beheimatet w\u00e4re, w\u00fcrde nat\u00fcrlich eine ganz andere Musik kreieren. Vorstellbar w\u00e4re ein Experimentieren wie in der <a href=\"https:\/\/de.wikipedia.org\/wiki\/Neue_Musik\" target=\"_blank\">Neuen Musik<\/a> (z.B. Arnold Sch\u00f6nberg,  Igor Strawinski oder B\u00e9la Bart\u00f3k). Vielleicht eine Art Super-<a href=\"https:\/\/de.wikipedia.org\/wiki\/Frank_Zappa\" target=\"_blank\">Zappa<\/a>, der u.a. ein Bewunderer von <a href=\"https:\/\/de.wikipedia.org\/wiki\/Edgar_Var%C3%A8se\" target=\"_blank\">Edgar Var\u00e8se<\/a> war, einem weiteren Vertreter der Neuen Musik. Denkbar w\u00e4re so auch ein Werk a la \u201eThick as a Brick\u201c von <a href=\"https:\/\/www.willizblog.de\/?cat=9\" target=\"_blank\">Jethro Tull<\/a>, wenn auch viel komplexer und weitreichender.<\/p>\n<p>Nat\u00fcrlich sind das nur Hirngespinste, Betrachtungen, die mich \u00fcberkamen, als ich so entspannt auf der Matratze der Musik von Mozart lauschte.<\/p>\n<p>Weitere Beitr\u00e4ge von mir zu Mozart: <a href=\"https:\/\/www.willizblog.de\/?p=370\" target=\"_blank\">Happy birthday, Amadeus!<\/a> &#8211; <a href=\"https:\/\/www.willizblog.de\/?p=371\" target=\"_blank\">Spirits of Mozart &#8211; Ian Andersons Mo\u2019z Art Medley<\/a><\/p>\n","protected":false},"excerpt":{"rendered":"<p>Am letzten Freitag begleitete ich meinen j\u00fcngeren Sohn zu einem Arzt in Bremen, bei dem er an einer H\u00f6rtherapie nach der Methode von Dr. Alfred Tomatis, auch Mozart-Therapie genannt, teilnimmt. Grundlage dieser Therapie ist die Verwendung speziell ausgesuchter Musik: sinfonische und konzertante Werke von W.A. Mozart und gregorianische Ges\u00e4nge, die mit speziellen elektronisch gesteuerten Verst\u00e4rker- &hellip; <a href=\"https:\/\/willizblog.de\/?p=1423\" class=\"more-link\"><span class=\"screen-reader-text\">Meditationen \u00fcber Mozart<\/span> weiterlesen <span class=\"meta-nav\">&rarr;<\/span><\/a><\/p>\n","protected":false},"author":1,"featured_media":0,"comment_status":"open","ping_status":"closed","sticky":false,"template":"","format":"standard","meta":[],"categories":[5],"tags":[],"_links":{"self":[{"href":"https:\/\/willizblog.de\/index.php?rest_route=\/wp\/v2\/posts\/1423"}],"collection":[{"href":"https:\/\/willizblog.de\/index.php?rest_route=\/wp\/v2\/posts"}],"about":[{"href":"https:\/\/willizblog.de\/index.php?rest_route=\/wp\/v2\/types\/post"}],"author":[{"embeddable":true,"href":"https:\/\/willizblog.de\/index.php?rest_route=\/wp\/v2\/users\/1"}],"replies":[{"embeddable":true,"href":"https:\/\/willizblog.de\/index.php?rest_route=%2Fwp%2Fv2%2Fcomments&post=1423"}],"version-history":[{"count":0,"href":"https:\/\/willizblog.de\/index.php?rest_route=\/wp\/v2\/posts\/1423\/revisions"}],"wp:attachment":[{"href":"https:\/\/willizblog.de\/index.php?rest_route=%2Fwp%2Fv2%2Fmedia&parent=1423"}],"wp:term":[{"taxonomy":"category","embeddable":true,"href":"https:\/\/willizblog.de\/index.php?rest_route=%2Fwp%2Fv2%2Fcategories&post=1423"},{"taxonomy":"post_tag","embeddable":true,"href":"https:\/\/willizblog.de\/index.php?rest_route=%2Fwp%2Fv2%2Ftags&post=1423"}],"curies":[{"name":"wp","href":"https:\/\/api.w.org\/{rel}","templated":true}]}}