{"id":1426,"date":"2009-01-18T19:49:53","date_gmt":"2009-01-18T17:49:53","guid":{"rendered":"http:\/\/www.willizblog.de\/?p=1426"},"modified":"2009-01-18T19:49:53","modified_gmt":"2009-01-18T17:49:53","slug":"martin-walser-ein-springender-brunnen","status":"publish","type":"post","link":"https:\/\/willizblog.de\/?p=1426","title":{"rendered":"Martin Walser: Ein springender Brunnen"},"content":{"rendered":"<p>Es ist eines der gro\u00dfen Erinnerungs-B\u00fccher der deutschsprachigen Literatur des 20. Jahrhunderts, der Entwicklungsroman eines Jugendlichen zur Zeit des Nationalsozialismus, 1932 beginnend und 1945 endend \u2013 Martin Walsers <a href=\"https:\/\/www.amazon.de\/gp\/product\/3518396005?ie=UTF8&#038;tag=familiealbin-21&#038;linkCode=as2&#038;camp=1638&#038;creative=6742&#038;creativeASIN=3518396005\" target=\"_blank\">Ein springender Brunnen<\/a><img loading=\"lazy\" src=\"https:\/\/www.assoc-amazon.de\/e\/ir?t=familiealbin-21&#038;l=as2&#038;o=3&#038;a=3518396005\" width=\"1\" height=\"1\" border=\"0\" alt=\"\" style=\"border:none !important; margin:0px !important;\" \/>.<\/p>\n<p>Es ist die Geschichte von Johann und seinem zwei Jahre \u00e4lteren Bruder Josef, der 1944 an der Ostfront ums Leben kommt. Und es ist die Autobiografie von <a href=\"https:\/\/de.wikipedia.org\/wiki\/Martin_Walser\" target=\"_blank\">Martin Walser<\/a> selbst. 1927 in Wasserburg am Bodensee geboren und aufgewachsen, erleben wir in  <a href=\"https:\/\/de.wikipedia.org\/wiki\/Ein_springender_Brunnen\" target=\"_blank\">\u201eEin springender Brunnen\u201c<\/a> die Zeit des Nationalsozialismus aus der Sicht eines Kindes und Heranwachsenden. Allein dieser Blick verr\u00e4t uns viel von der schleichenden Ver\u00e4nderung der K\u00f6pfe dieser Menschen bis hin zu einer Entwicklung, die brutale \u00dcbergriffen auf Andersdenkende bzw. Andersgeartete zul\u00e4sst.<\/p>\n<p>Zudem bewahrt Walser in diesem 1998 erschienenen Buch vor allem auch viele der skurrilen Typen und der schw\u00e4bisch-alemannisch redenden Bewohner auf und beklagt in seinem Nachwort zurecht den Niedergang an mundartlicher Sprache, den m\u00f6glichen Verlust einzelner W\u00f6rter, die durch kein anderes Wort zu ersetzen sind und <a href=\"https:\/\/www.willizblog.de\/?p=850\" target=\"_blank\">unterzugehen drohen<\/a>.<\/p>\n<p><iframe loading=\"lazy\" width=\"520\" height=\"320\" frameborder=\"0\" scrolling=\"no\" marginheight=\"0\" marginwidth=\"0\" src=\"https:\/\/maps.google.de\/maps?f=q&amp;source=s_q&amp;hl=de&amp;geocode=&amp;q=wasserburg+bodensee&amp;sll=47.621227,9.430282&amp;sspn=0.513727,1.054687&amp;g=wasserburg+bodensee+bahnhof&amp;ie=UTF8&amp;t=h&amp;s=AARTsJr2pEfJj-yyDJXvbnxXoAxn_AdH0Q&amp;ll=47.569316,9.635611&amp;spn=0.009266,0.022316&amp;z=15&amp;output=embed\"><\/iframe><br \/>\nWasserburg am Bodensee<\/p>\n<p>In erster Linie geht es aber um den heranwachsenden Johann, seine &#8211; vom Vater geschulte &#8211; poetische Sicht der Dinge, seine ersten Erfahrungen in Liebesdingen. Und wir erfahren seinen inneren Konflikt, den der Widerspruch zwischen Religion und Leben in ihm ausl\u00f6st. Ziemlich am Ende des Buches hei\u00dft es u.a.: \u201eJohann wollte nie mehr unterworfen sein, weder einer Macht noch einer Angst &#8230;\u201c Das gilt f\u00fcr Vieles.<\/p>\n<p>Ich selbst habe Wasserburg und den Bodensee bisher noch nicht besucht (bis zum Rheinfall von Schaffhausen habe ich es einmal geschafft). Aber einige Lokalit\u00e4ten aus dem Roman sind mir und meiner Familie durchaus vertraut. Zum einen ist es das Kreuzeck (zwischen Alpspitze und Zugspitze), dort oben, wo Johann im Januar 1945 seine Hochgebirgsausbildung absolvieren musste. Und das Eisstadion von Garmisch, wo er nach Kriegsende gefangengehalten wird. Hier habe ich 2002 mit meinen S\u00f6hnen einige Runden auf dem Eis gedreht.<\/p>\n<p><img src=\"https:\/\/www.willizblog.de\/blogpicts\/kreuzeck_alpspitz.jpg\" alt=\"Kreuzeck\" \/><br \/>\nBergregion zwischen Alpspitze und Zugspitze<\/p>\n<p><img src=\"https:\/\/www.willizblog.de\/blogpicts\/kreuzeck_2007.jpg\" alt=\"Weg zum Kreuzeck\" \/><br \/>\nWeg zur Bergstation Kreuzeck<\/p>\n<p>Martin Walser musste sich vorwerfen lassen, durch diesen Roman die Nazizeit zu verharmlosen. Auschwitz k\u00e4me nicht vor. Die Kritik ging wohl soweit, dass man Walser Geschichtsrevisionismus und latenten Antisemitismus vorwarf. Man kann das alles nachlesen. Aus meiner Sicht ist das nat\u00fcrlich v\u00f6lliger Humbug. Walser hat einen Roman seiner Entwicklung zum Erwachsenen geschrieben. Bei dem im Roman geschilderten Bild der Nazizeit versucht er m\u00f6glichst realistisch zu sein, und schafft damit durchaus ein Beispiel der pers\u00f6nlichen Gewissenserforschung.<\/p>\n<p>siehe hierzu den Ausschnitt in: <a href=\"https:\/\/www.willizblog.de\/?p=1408\" target=\"_blank\">Weihnachten 1932 in Wasserburg\/Bodensee<\/a><\/p>\n","protected":false},"excerpt":{"rendered":"<p>Es ist eines der gro\u00dfen Erinnerungs-B\u00fccher der deutschsprachigen Literatur des 20. Jahrhunderts, der Entwicklungsroman eines Jugendlichen zur Zeit des Nationalsozialismus, 1932 beginnend und 1945 endend \u2013 Martin Walsers Ein springender Brunnen. Es ist die Geschichte von Johann und seinem zwei Jahre \u00e4lteren Bruder Josef, der 1944 an der Ostfront ums Leben kommt. Und es ist &hellip; <a href=\"https:\/\/willizblog.de\/?p=1426\" class=\"more-link\"><span class=\"screen-reader-text\">Martin Walser: Ein springender Brunnen<\/span> weiterlesen <span class=\"meta-nav\">&rarr;<\/span><\/a><\/p>\n","protected":false},"author":1,"featured_media":0,"comment_status":"open","ping_status":"closed","sticky":false,"template":"","format":"standard","meta":[],"categories":[14],"tags":[],"_links":{"self":[{"href":"https:\/\/willizblog.de\/index.php?rest_route=\/wp\/v2\/posts\/1426"}],"collection":[{"href":"https:\/\/willizblog.de\/index.php?rest_route=\/wp\/v2\/posts"}],"about":[{"href":"https:\/\/willizblog.de\/index.php?rest_route=\/wp\/v2\/types\/post"}],"author":[{"embeddable":true,"href":"https:\/\/willizblog.de\/index.php?rest_route=\/wp\/v2\/users\/1"}],"replies":[{"embeddable":true,"href":"https:\/\/willizblog.de\/index.php?rest_route=%2Fwp%2Fv2%2Fcomments&post=1426"}],"version-history":[{"count":0,"href":"https:\/\/willizblog.de\/index.php?rest_route=\/wp\/v2\/posts\/1426\/revisions"}],"wp:attachment":[{"href":"https:\/\/willizblog.de\/index.php?rest_route=%2Fwp%2Fv2%2Fmedia&parent=1426"}],"wp:term":[{"taxonomy":"category","embeddable":true,"href":"https:\/\/willizblog.de\/index.php?rest_route=%2Fwp%2Fv2%2Fcategories&post=1426"},{"taxonomy":"post_tag","embeddable":true,"href":"https:\/\/willizblog.de\/index.php?rest_route=%2Fwp%2Fv2%2Ftags&post=1426"}],"curies":[{"name":"wp","href":"https:\/\/api.w.org\/{rel}","templated":true}]}}