{"id":1427,"date":"2009-01-20T13:37:19","date_gmt":"2009-01-20T11:37:19","guid":{"rendered":"http:\/\/www.willizblog.de\/?p=1427"},"modified":"2009-01-20T13:37:19","modified_gmt":"2009-01-20T11:37:19","slug":"obamas-antrittsrede-dein-platz-in-der-ersten-reihe","status":"publish","type":"post","link":"https:\/\/willizblog.de\/?p=1427","title":{"rendered":"Obamas Antrittsrede: Dein Platz in der ersten Reihe"},"content":{"rendered":"<p>Ein neuer Pr\u00e4sident gibt uns Gelegenheit, mit der umstrittenen Politik einer wenig beliebten US-Administration abzuschliessen \u2013 und erlaubt uns, diesen hoffnungsvollen Moment zu feiern. Die Erwartungen an Obama sind hoch und bereits gibt es Druckversuche die Umsetzung seiner Wahlversprechen zu verhindern. Aber unsere Aktion f\u00fcr echten Wandel hat gerade erst begonnen. Treffe online auf (andere) Avaaz-Mitglieder auf unserem globalen Netzwerk, wo wir gemeinsam die Zusammenarbeit und Einflussnahme auf die Regierung Obama planen. <\/p>\n<p>Einige von uns werden an der Arbeit sein, w\u00e4hrend Obama spricht, andere vor dem Fernseher, doch es wird inspirierend sein, am Bildschirm die Avaaz Hub Page online zu haben und diesen besonderen Moment mit Aavaz-Mitgliedern auf der ganzen Welt zu teilen. Auf dem Obama Hub herrscht bereits reger Austausch. <\/p>\n<p>Klicke hier, um unsere aktuelle Berichterstattung zu verfolgen und an der Diskussion teilzunehmen, w\u00e4hrend wir bei Obamas Amtseinf\u00fchrungsrede am Dienstag 20. Januar live dabei sind. Die Rede wird in Deutschland ab 17 Uhr ausgestrahlt (New York 11 Uhr, Rio 14 Uhr, Hong Kong am Mittwoch 12 Uhr):<\/p>\n<p><a href=\"http:\/\/www.avaaz.org\/de\/obama_inauguration\/?cl=174001189&#038;v=2716\" target=\"_blank\">Obamas Antrittssrede<\/a><\/p>\n<p>Bewegungen h\u00e4ngen von ausserordentlichen Ereignissen ab. Unsere Bewegung f\u00fcr eine bessere Welt hat mit der Wahl Obamas etwas zu feiern. Er hat versprochen von Bushs verfehlter Klima- und Menschenrechtspolitik abzukehren und in Zusammenarbeit mit der globalen Staatengemeinschaft Unrecht und Armut zu bek\u00e4mpfen. Nichts von all dem wird m\u00f6glich sein ohne dem Mitwirken engagierter Weltb\u00fcrger \u2013 der Wandel kommt nicht \u00fcber Nacht und erfordert gro\u00dfen Einsatz. Lasst uns diesen Moment zusammen teilen, und lasst uns dar\u00fcber sprechen, wie wir Einfluss nehmen k\u00f6nnen auf diesen neuen Pr\u00e4sidenten, der f\u00fcr unsere Anliegen ein offenes Ohr hat.<\/p>\n<p>Sei Teil dieses historischen Augenblicks! Verfolge Obamas Amtseinf\u00fchrung zusammen mit Avaaz-Mitgliedern auf der ganzen Welt!<\/p>\n","protected":false},"excerpt":{"rendered":"<p>Ein neuer Pr\u00e4sident gibt uns Gelegenheit, mit der umstrittenen Politik einer wenig beliebten US-Administration abzuschliessen \u2013 und erlaubt uns, diesen hoffnungsvollen Moment zu feiern. Die Erwartungen an Obama sind hoch und bereits gibt es Druckversuche die Umsetzung seiner Wahlversprechen zu verhindern. Aber unsere Aktion f\u00fcr echten Wandel hat gerade erst begonnen. Treffe online auf (andere) &hellip; <a href=\"https:\/\/willizblog.de\/?p=1427\" class=\"more-link\"><span class=\"screen-reader-text\">Obamas Antrittsrede: Dein Platz in der ersten Reihe<\/span> weiterlesen <span class=\"meta-nav\">&rarr;<\/span><\/a><\/p>\n","protected":false},"author":1,"featured_media":0,"comment_status":"open","ping_status":"closed","sticky":false,"template":"","format":"standard","meta":[],"categories":[12],"tags":[],"_links":{"self":[{"href":"https:\/\/willizblog.de\/index.php?rest_route=\/wp\/v2\/posts\/1427"}],"collection":[{"href":"https:\/\/willizblog.de\/index.php?rest_route=\/wp\/v2\/posts"}],"about":[{"href":"https:\/\/willizblog.de\/index.php?rest_route=\/wp\/v2\/types\/post"}],"author":[{"embeddable":true,"href":"https:\/\/willizblog.de\/index.php?rest_route=\/wp\/v2\/users\/1"}],"replies":[{"embeddable":true,"href":"https:\/\/willizblog.de\/index.php?rest_route=%2Fwp%2Fv2%2Fcomments&post=1427"}],"version-history":[{"count":0,"href":"https:\/\/willizblog.de\/index.php?rest_route=\/wp\/v2\/posts\/1427\/revisions"}],"wp:attachment":[{"href":"https:\/\/willizblog.de\/index.php?rest_route=%2Fwp%2Fv2%2Fmedia&parent=1427"}],"wp:term":[{"taxonomy":"category","embeddable":true,"href":"https:\/\/willizblog.de\/index.php?rest_route=%2Fwp%2Fv2%2Fcategories&post=1427"},{"taxonomy":"post_tag","embeddable":true,"href":"https:\/\/willizblog.de\/index.php?rest_route=%2Fwp%2Fv2%2Ftags&post=1427"}],"curies":[{"name":"wp","href":"https:\/\/api.w.org\/{rel}","templated":true}]}}