{"id":1428,"date":"2009-01-19T13:45:11","date_gmt":"2009-01-19T11:45:11","guid":{"rendered":"http:\/\/www.willizblog.de\/?p=1428"},"modified":"2009-01-20T13:47:03","modified_gmt":"2009-01-20T11:47:03","slug":"40-todestag-von-jan-palach","status":"publish","type":"post","link":"https:\/\/willizblog.de\/?p=1428","title":{"rendered":"40. Todestag von Jan Palach"},"content":{"rendered":"<p><a href=\"https:\/\/de.wikipedia.org\/wiki\/Jan_Palach\" target=\"_blank\">Jan Palach<\/a>, geb. am 11. August 1948 in der mittelb\u00f6hmischen Stadt M?ln\u00edk, erlebte als Student den Prager Fr\u00fchling und seine Niederschlagung durch die Streitkr\u00e4fte des Warschauer Pakts im August 1968. Er nahm an den Protesten teil, die sich gleicherma\u00dfen gegen die Okkupationsm\u00e4chte und die nachgiebige Haltung der tschechoslowakischen Regierung richtete. Als Hilfeschrei und symbolischen Protestakt w\u00e4hlte er den Freitod: Am 16. Januar 1969 \u00fcbergo\u00df sich Jan Palach mit Benzin und z\u00fcndete sich auf dem Prager Wenzelsplatz an. In einem Abschiedsschreiben bezeichnete er sich als ersten Freiwilligen, der die Menschen in seinem Land als Fackel aufr\u00fctteln wolle. Drei Tage sp\u00e4ter, heute vor genau 40 Jahren,  am 19. Januar 1969, starb er in einem Prager Krankenhaus. Sein Begr\u00e4bnis wurde zu einer ersch\u00fctternden politischen Demonstration. Auch wenn er nicht der einzige war, der auf diese Art seinen Protest bekundete, so wurde er doch zu einer international gew\u00fcrdigten Symbolfigur des gewaltfreien Widerstands gegen milit\u00e4rische und ideologische Gewalt.<\/p>\n<p>siehe auch: <a href=\"https:\/\/www.willizblog.de\/?p=1243\" target=\"_blank\">Jan Palachs Prag<\/a><\/p>\n","protected":false},"excerpt":{"rendered":"<p>Jan Palach, geb. am 11. August 1948 in der mittelb\u00f6hmischen Stadt M?ln\u00edk, erlebte als Student den Prager Fr\u00fchling und seine Niederschlagung durch die Streitkr\u00e4fte des Warschauer Pakts im August 1968. Er nahm an den Protesten teil, die sich gleicherma\u00dfen gegen die Okkupationsm\u00e4chte und die nachgiebige Haltung der tschechoslowakischen Regierung richtete. Als Hilfeschrei und symbolischen Protestakt &hellip; <a href=\"https:\/\/willizblog.de\/?p=1428\" class=\"more-link\"><span class=\"screen-reader-text\">40. Todestag von Jan Palach<\/span> weiterlesen <span class=\"meta-nav\">&rarr;<\/span><\/a><\/p>\n","protected":false},"author":1,"featured_media":0,"comment_status":"open","ping_status":"closed","sticky":false,"template":"","format":"standard","meta":[],"categories":[12],"tags":[],"_links":{"self":[{"href":"https:\/\/willizblog.de\/index.php?rest_route=\/wp\/v2\/posts\/1428"}],"collection":[{"href":"https:\/\/willizblog.de\/index.php?rest_route=\/wp\/v2\/posts"}],"about":[{"href":"https:\/\/willizblog.de\/index.php?rest_route=\/wp\/v2\/types\/post"}],"author":[{"embeddable":true,"href":"https:\/\/willizblog.de\/index.php?rest_route=\/wp\/v2\/users\/1"}],"replies":[{"embeddable":true,"href":"https:\/\/willizblog.de\/index.php?rest_route=%2Fwp%2Fv2%2Fcomments&post=1428"}],"version-history":[{"count":0,"href":"https:\/\/willizblog.de\/index.php?rest_route=\/wp\/v2\/posts\/1428\/revisions"}],"wp:attachment":[{"href":"https:\/\/willizblog.de\/index.php?rest_route=%2Fwp%2Fv2%2Fmedia&parent=1428"}],"wp:term":[{"taxonomy":"category","embeddable":true,"href":"https:\/\/willizblog.de\/index.php?rest_route=%2Fwp%2Fv2%2Fcategories&post=1428"},{"taxonomy":"post_tag","embeddable":true,"href":"https:\/\/willizblog.de\/index.php?rest_route=%2Fwp%2Fv2%2Ftags&post=1428"}],"curies":[{"name":"wp","href":"https:\/\/api.w.org\/{rel}","templated":true}]}}