{"id":1441,"date":"2009-02-02T14:03:33","date_gmt":"2009-02-02T12:03:33","guid":{"rendered":"http:\/\/www.willizblog.de\/?p=1441"},"modified":"2009-02-09T16:53:38","modified_gmt":"2009-02-09T14:53:38","slug":"vier-jahre-willizblogde","status":"publish","type":"post","link":"https:\/\/willizblog.de\/?p=1441","title":{"rendered":"Vier Jahre WilliZBlog.de"},"content":{"rendered":"<p>Heute ist nicht nur <a href=\"https:\/\/www.willizblog.de\/?p=110\" target=\"_blank\">Murmeltiertag<\/a>, nein, dieses Blog besteht bereits seit vier Jahren und hat seitdem mit \u00fcber 1400 Beitr\u00e4gen seinen (meinen) Senf zum Weltgeschehen dazugegeben.<\/p>\n<p><img src=\"https:\/\/www.albinz.net\/blog\/wp-content\/themes\/sirius\/images\/erde\/logo_winter.jpg\" alt=\"WillizBlog - winterlich\" \/><br \/>\nWillizBlog &#8211; winterlich<\/p>\n<p><img src=\"https:\/\/www.albinz.net\/blog\/wp-content\/themes\/sirius\/images\/jupiter\/logo_fruehling.jpg\" alt=\"WillizBlog - fr\u00fchlingshaft\" \/><br \/>\nWillizBlog &#8211; fr\u00fchlingshaft<\/p>\n<p><img src=\"https:\/\/www.albinz.net\/blog\/wp-content\/themes\/sirius\/images\/jupiter\/logo_jupiter_eibsee2007.jpg\" alt=\"WillizBlog - sommerlich\" \/><br \/>\nWillizBlog &#8211; sommerlich<\/p>\n<p><img src=\"https:\/\/www.albinz.net\/blog\/wp-content\/themes\/sirius\/images\/merkur\/logo_herbst.jpg\" alt=\"WillizBlog - herbstlich\" \/><br \/>\nWillizBlog &#8211; herbstlich<\/p>\n<p><a href=\"https:\/\/www.willizblog.de\/?p=751\" target=\"_blank\">\u201eJeeha! Wieder \u2019n Jahr n\u00e4her an der Rente!\u201c<\/a> hei\u00dft es au\u00dferdem f\u00fcr mich. Wenn nicht alle Stricke fr\u00fchzeitig rei\u00dfen, dann werde ich in sp\u00e4testens acht Jahren meine Zelte bei meinem jetzigen Arbeitgeber abbauen, um mich dem wohl verdienten Ruhestand in passiver <a href=\"https:\/\/de.wikipedia.org\/wiki\/Altersteilzeit\" target=\"_blank\">Altersteilzeit<\/a> zu widmen.<\/p>\n<p><strong>Nachtrag zu meinem Geburtstag:<\/strong><br \/>\n<img src=\"https:\/\/www.willizblog.de\/blogpicts\/jan_zu_willis_55.jpg\" alt=\"Jan zu meinem 55.sten\" \/><br \/>\n&#8230; von meinem &#8218;respektlosen&#8216; \u00e4lteren Sohn Jan<\/p>\n","protected":false},"excerpt":{"rendered":"<p>Heute ist nicht nur Murmeltiertag, nein, dieses Blog besteht bereits seit vier Jahren und hat seitdem mit \u00fcber 1400 Beitr\u00e4gen seinen (meinen) Senf zum Weltgeschehen dazugegeben. WillizBlog &#8211; winterlich WillizBlog &#8211; fr\u00fchlingshaft WillizBlog &#8211; sommerlich WillizBlog &#8211; herbstlich \u201eJeeha! Wieder \u2019n Jahr n\u00e4her an der Rente!\u201c hei\u00dft es au\u00dferdem f\u00fcr mich. Wenn nicht alle Stricke &hellip; <a href=\"https:\/\/willizblog.de\/?p=1441\" class=\"more-link\"><span class=\"screen-reader-text\">Vier Jahre WilliZBlog.de<\/span> weiterlesen <span class=\"meta-nav\">&rarr;<\/span><\/a><\/p>\n","protected":false},"author":1,"featured_media":0,"comment_status":"open","ping_status":"closed","sticky":false,"template":"","format":"standard","meta":[],"categories":[1,8],"tags":[],"_links":{"self":[{"href":"https:\/\/willizblog.de\/index.php?rest_route=\/wp\/v2\/posts\/1441"}],"collection":[{"href":"https:\/\/willizblog.de\/index.php?rest_route=\/wp\/v2\/posts"}],"about":[{"href":"https:\/\/willizblog.de\/index.php?rest_route=\/wp\/v2\/types\/post"}],"author":[{"embeddable":true,"href":"https:\/\/willizblog.de\/index.php?rest_route=\/wp\/v2\/users\/1"}],"replies":[{"embeddable":true,"href":"https:\/\/willizblog.de\/index.php?rest_route=%2Fwp%2Fv2%2Fcomments&post=1441"}],"version-history":[{"count":0,"href":"https:\/\/willizblog.de\/index.php?rest_route=\/wp\/v2\/posts\/1441\/revisions"}],"wp:attachment":[{"href":"https:\/\/willizblog.de\/index.php?rest_route=%2Fwp%2Fv2%2Fmedia&parent=1441"}],"wp:term":[{"taxonomy":"category","embeddable":true,"href":"https:\/\/willizblog.de\/index.php?rest_route=%2Fwp%2Fv2%2Fcategories&post=1441"},{"taxonomy":"post_tag","embeddable":true,"href":"https:\/\/willizblog.de\/index.php?rest_route=%2Fwp%2Fv2%2Ftags&post=1441"}],"curies":[{"name":"wp","href":"https:\/\/api.w.org\/{rel}","templated":true}]}}