{"id":1444,"date":"2009-02-05T09:33:35","date_gmt":"2009-02-05T07:33:35","guid":{"rendered":"http:\/\/www.willizblog.de\/?p=1444"},"modified":"2013-03-11T13:33:19","modified_gmt":"2013-03-11T12:33:19","slug":"man-spricht-deutsch","status":"publish","type":"post","link":"https:\/\/willizblog.de\/?p=1444","title":{"rendered":"Man spricht Deutsch"},"content":{"rendered":"<p>Deutsch ist eine der wichtigsten Sprachen in Europa, innerhalb der Europ\u00e4ischen Union ist es die am h\u00e4ufigsten, immerhin von 110 Millionen Menschen gesprochene Muttersprache. Jetzt widmet sich eine Ausstellung im <a href=\"http:\/\/www.dhm.de\/ausstellungen\/sprache-deutsch\/index.html\" target=\"_blank\">Deutschen Historischen Museum Berlin<\/a> &#8222;Der Sprache Deutsch&#8220; und gibt u.a. einen \u00dcberblick \u00fcber die Geschichte der deutschen Sprache. Zeitgleich geht das <a href=\"http:\/\/www.hdg.de\/index.php?id=4626&#038;no_cache=1&#038;tx_ttnews[tt_news]=761&#038;tx_ttnews[backPid]=4811\" target=\"_blank\">Haus der Geschichte in Bonn<\/a> Ph\u00e4nomenen der Gegenwartssprache auf den Grund &#8211; etwa der Jugend- bzw. Szenesprache. Die Ausstellung in Berlin ist t\u00e4glich, auch sonntags, von 10 bis 18 Uhr ge\u00f6ffnet. Der Eintritt kostet f\u00fcnf Euro.<\/p>\n<p><img src=\"https:\/\/www.albinz.net\/models\/untergegangene_woerter.jpg\" alt=\"Untergegangene W\u00f6rter\" \/><\/p>\n<p>Zu den Besonderheiten der deutschen Sprache habe ich mich bereits in verschiedenen Beitr\u00e4gen hier ge\u00e4u\u00dfert; u.a. habe ich dabei auf den Verlust alter deutscher W\u00f6rter hingewiesen, aber auch aufgezeigt, wie sie die Sprache immer weiterentwickelt: Laut Duden kommen jedes Jahr etwa 1.000 Worte dazu (<a href=\"https:\/\/www.willizblog.de\/?p=850\" target=\"_blank\">Von Archaismen und Neologismen<\/a>). Weitere Beitr\u00e4ge: <a href=\"https:\/\/www.willizblog.de\/?p=1222\" target=\"_blank\">You need Zugzwang<\/a> &#8211; <a href=\"https:\/\/www.willizblog.de\/?p=1283\" target=\"_blank\">Wenn der Amtsschimmel wiehert<\/a> &#8211; <a href=\"https:\/\/www.willizblog.de\/?p=1286\" target=\"_blank\">Typisch deutsch: Gem\u00fctlichkeit<\/a> &#8211; <a href=\"https:\/\/www.willizblog.de\/?p=1342\" target=\"_blank\">W\u00f6rterbuch der Szenesprache<\/a><\/p>\n","protected":false},"excerpt":{"rendered":"<p>Deutsch ist eine der wichtigsten Sprachen in Europa, innerhalb der Europ\u00e4ischen Union ist es die am h\u00e4ufigsten, immerhin von 110 Millionen Menschen gesprochene Muttersprache. Jetzt widmet sich eine Ausstellung im Deutschen Historischen Museum Berlin &#8222;Der Sprache Deutsch&#8220; und gibt u.a. einen \u00dcberblick \u00fcber die Geschichte der deutschen Sprache. Zeitgleich geht das Haus der Geschichte in &hellip; <a href=\"https:\/\/willizblog.de\/?p=1444\" class=\"more-link\"><span class=\"screen-reader-text\">Man spricht Deutsch<\/span> weiterlesen <span class=\"meta-nav\">&rarr;<\/span><\/a><\/p>\n","protected":false},"author":1,"featured_media":0,"comment_status":"open","ping_status":"closed","sticky":false,"template":"","format":"standard","meta":[],"categories":[15],"tags":[],"_links":{"self":[{"href":"https:\/\/willizblog.de\/index.php?rest_route=\/wp\/v2\/posts\/1444"}],"collection":[{"href":"https:\/\/willizblog.de\/index.php?rest_route=\/wp\/v2\/posts"}],"about":[{"href":"https:\/\/willizblog.de\/index.php?rest_route=\/wp\/v2\/types\/post"}],"author":[{"embeddable":true,"href":"https:\/\/willizblog.de\/index.php?rest_route=\/wp\/v2\/users\/1"}],"replies":[{"embeddable":true,"href":"https:\/\/willizblog.de\/index.php?rest_route=%2Fwp%2Fv2%2Fcomments&post=1444"}],"version-history":[{"count":0,"href":"https:\/\/willizblog.de\/index.php?rest_route=\/wp\/v2\/posts\/1444\/revisions"}],"wp:attachment":[{"href":"https:\/\/willizblog.de\/index.php?rest_route=%2Fwp%2Fv2%2Fmedia&parent=1444"}],"wp:term":[{"taxonomy":"category","embeddable":true,"href":"https:\/\/willizblog.de\/index.php?rest_route=%2Fwp%2Fv2%2Fcategories&post=1444"},{"taxonomy":"post_tag","embeddable":true,"href":"https:\/\/willizblog.de\/index.php?rest_route=%2Fwp%2Fv2%2Ftags&post=1444"}],"curies":[{"name":"wp","href":"https:\/\/api.w.org\/{rel}","templated":true}]}}