{"id":1446,"date":"2009-02-07T14:04:45","date_gmt":"2009-02-07T12:04:45","guid":{"rendered":"http:\/\/www.willizblog.de\/?p=1446"},"modified":"2009-03-23T08:35:42","modified_gmt":"2009-03-23T07:35:42","slug":"mesut-ozil-%e2%80%93-neue-integrationsfigur","status":"publish","type":"post","link":"https:\/\/willizblog.de\/?p=1446","title":{"rendered":"Mesut \u00d6zil \u2013 neue Integrationsfigur?!"},"content":{"rendered":"<p>Es bedurfte eigentlich keiner Studie, um zu wissen, dass <a href=\"http:\/\/forumamfreitag.zdf.de\/ZDFde\/inhalt\/8\/0,1872,7509640,00.html\" target=\"_blank\">Zuwanderer aus der T\u00fcrkei schlechter in Deutschland integriert<\/a> sind als andere Gruppen. Jetzt wissen wir: Jeder Dritte ist ohne Schulabschluss. Die Gr\u00fcnde sind vielf\u00e4ltig. Neben der allgegenw\u00e4rtigen Ablehnung durch die deutsche Gesellschaft ist ein Grund sicherlich auch der, dass t\u00fcrkische Migranten viel zu lange geglaubt haben, Deutschland w\u00e4re nur ein Provisorium f\u00fcr sie.<\/p>\n<p><img src=\"https:\/\/www.willizblog.de\/blogpicts\/oezil_diego_werder.jpg\" alt=\"Mesut \u00d6zil mit Diego\" \/><\/p>\n<p>Nun nominiert der Fu\u00dfballbundestrainer Joachim L\u00f6w den erst 20 Jahre alten <a href=\"http:\/\/www.mesut-oezil.com\/\" target=\"_blank\">Mesut \u00d6zil<\/a> von Werder Bremen f\u00fcr die A-Nationalmannschaft, nachdem sich \u00d6zil, der bereits zehn Mal f\u00fcr die deutsche U-21-Nationalmannschaft gespielt hat, daf\u00fcr entschieden hat, weiterhin f\u00fcr Deutschland spielen zu wollen. Mesut \u00d6zil ist T\u00fcrke und in Gelsenkirchen geboren. Seine Familie lebt allerdings in der dritten Generation in Deutschland. \u201eZwei Herzen schlagen in meiner Brust\u201c, sagt der junge Fu\u00dfballer. Und er hat es sich nicht leicht gemacht mit seiner Entscheidung: Lange hat der t\u00fcrkische Nationaltrainer Fatih Terim um den 20-J\u00e4hrigen geworben. Aber vergeblich.<\/p>\n<p>Das freut nat\u00fcrlich auch besonders die Beauftragte der Bundesregierung f\u00fcr Migration, Fl\u00fcchtlinge und Integration, <a href=\"https:\/\/de.wikipedia.org\/wiki\/Maria_B%C3%B6hmer\" target=\"_blank\">Maria B\u00f6hmer<\/a>: \u201eSeine Nominierung ist ein wichtiges Signal f\u00fcr die Integration der Migranten in Deutschland. \u00d6zil setzt ein Zeichen f\u00fcr Migranten, sich in Deutschland aktiv einzubringen und zu engagieren. Zudem zeigt sein gro\u00dfer Erfolg anderen Menschen aus Zuwandererfamilien: Der soziale Aufstieg ist m\u00f6glich, Anstrengung lohnt sich.\u201c<\/p>\n<p>Mesut bedeutet \u201eFreude\u201c, aber auch \u201eGl\u00fcck\u201c. Der Wechsel des jungen Spielers vor genau einem Jahr zum <a href=\"http:\/\/www.werder.de\/team\/spieler\/oezil.php\" target=\"_blank\">SV Werder Bremen<\/a> war auch ein Gl\u00fcck f\u00fcr diesen Verein, denn \u00d6zil \u00fcberzeugt nachhaltig mit guten Leistungen und hat es so zum Stammspieler gebracht. Trotzdem kommt die Nominierung durch Bundestrainer L\u00f6w f\u00fcr das Testspiel der A-Nationalmannschaft am Mittwoch gegen Norwegen ziemlich \u00fcberraschend.<\/p>\n<p>Man sollte die Erwartungen an Mesut \u00d6zil nat\u00fcrlich nicht zu hoch schrauben, weder sportlich noch in der Rolle als neue Integrationsfigur. Wenn er aber durch seine Entscheidung, f\u00fcr Deutschland zu spielen, dazu beitr\u00e4gt, die Zuwanderer aus der T\u00fcrkei in Deutschland zu mehr Integration zu motivieren, dann ist das nicht nur ein sportlicher Erfolg.<\/p>\n<p>Nat\u00fcrlich hat jede Medaille auch ihre Kehrseite: Das G\u00e4stebuch von Mesut \u00d6zils Website musste geschlossen werden, da er dort von aufgebrachten T\u00fcrken \u00fcbel beschimpft wurde.<\/p>\n<p>siehe hierzu Videos: <a href=\"http:\/\/www.zdf.de\/ZDFmediathek\/content\/690516?inPopup=true\" target=\"_blank\">Der Grenzgang des Mesut \u00d6zil<\/a> &#8211; <a href=\"http:\/\/www.zdf.de\/ZDFmediathek\/content\/690610?inPopup=true\" target=\"_blank\">Niersbach: \u00d6zil ohne t\u00fcrkischen Pass &#8211; DFB-Generalsekret\u00e4r \u00fcber Integration im Fu\u00dfball<\/a><\/p>\n","protected":false},"excerpt":{"rendered":"<p>Es bedurfte eigentlich keiner Studie, um zu wissen, dass Zuwanderer aus der T\u00fcrkei schlechter in Deutschland integriert sind als andere Gruppen. Jetzt wissen wir: Jeder Dritte ist ohne Schulabschluss. Die Gr\u00fcnde sind vielf\u00e4ltig. Neben der allgegenw\u00e4rtigen Ablehnung durch die deutsche Gesellschaft ist ein Grund sicherlich auch der, dass t\u00fcrkische Migranten viel zu lange geglaubt haben, &hellip; <a href=\"https:\/\/willizblog.de\/?p=1446\" class=\"more-link\"><span class=\"screen-reader-text\">Mesut \u00d6zil \u2013 neue Integrationsfigur?!<\/span> weiterlesen <span class=\"meta-nav\">&rarr;<\/span><\/a><\/p>\n","protected":false},"author":1,"featured_media":0,"comment_status":"open","ping_status":"closed","sticky":false,"template":"","format":"standard","meta":[],"categories":[27,2],"tags":[],"_links":{"self":[{"href":"https:\/\/willizblog.de\/index.php?rest_route=\/wp\/v2\/posts\/1446"}],"collection":[{"href":"https:\/\/willizblog.de\/index.php?rest_route=\/wp\/v2\/posts"}],"about":[{"href":"https:\/\/willizblog.de\/index.php?rest_route=\/wp\/v2\/types\/post"}],"author":[{"embeddable":true,"href":"https:\/\/willizblog.de\/index.php?rest_route=\/wp\/v2\/users\/1"}],"replies":[{"embeddable":true,"href":"https:\/\/willizblog.de\/index.php?rest_route=%2Fwp%2Fv2%2Fcomments&post=1446"}],"version-history":[{"count":0,"href":"https:\/\/willizblog.de\/index.php?rest_route=\/wp\/v2\/posts\/1446\/revisions"}],"wp:attachment":[{"href":"https:\/\/willizblog.de\/index.php?rest_route=%2Fwp%2Fv2%2Fmedia&parent=1446"}],"wp:term":[{"taxonomy":"category","embeddable":true,"href":"https:\/\/willizblog.de\/index.php?rest_route=%2Fwp%2Fv2%2Fcategories&post=1446"},{"taxonomy":"post_tag","embeddable":true,"href":"https:\/\/willizblog.de\/index.php?rest_route=%2Fwp%2Fv2%2Ftags&post=1446"}],"curies":[{"name":"wp","href":"https:\/\/api.w.org\/{rel}","templated":true}]}}