{"id":1447,"date":"2009-02-08T00:44:54","date_gmt":"2009-02-07T22:44:54","guid":{"rendered":"http:\/\/www.willizblog.de\/?p=1447"},"modified":"2009-02-07T15:49:35","modified_gmt":"2009-02-07T13:49:35","slug":"obama-und-die-deutschen-wurzeln","status":"publish","type":"post","link":"https:\/\/willizblog.de\/?p=1447","title":{"rendered":"Obama und die deutschen Wurzeln"},"content":{"rendered":"<p>Wenn jeder dritte US-Amerikaner deutsche Vorfahren hat, dann wundert es keinen, wenn auch amerikanische Pr\u00e4sidenten auf deutsche Vorfahren zur\u00fcckblicken k\u00f6nnen. Bei dem neuen US-Pr\u00e4sidenten, <a href=\"https:\/\/de.wikipedia.org\/wiki\/Barack_Obama\" target=\"_blank\">Barack Obama<\/a>, wundert man sich dann aber doch. Das ist doch ein Afro-Amerikaner oder nicht?<\/p>\n<p>Nun die Hauptfarbe verr\u00e4t es gleich: Ein Elternteil, n\u00e4mlich die Mutter, war wei\u00df \u2013 und genau die hat u.a. deutsche Vorfahren, mithin auch Barack Obama.<\/p>\n<p>Obamas Vater, Barack Hussein Obama Senior (1936\u20131982), stammte aus Alego in Kenia und geh\u00f6rte zum Luo-Volk. Obamas Mutter, Stanley Ann Dunham (1942\u20131995), war eine wei\u00dfe US-Amerikanerin aus Wichita im Bundesstaat Kansas. Die Eltern lernten sich als Studenten an der Universit\u00e4t von Manoa, Hawaii kennen. Sie heirateten 1961 in Hawaii, als in anderen Teilen der USA Ehen zwischen Schwarzen und Wei\u00dfen noch verboten waren.<\/p>\n<p>1964 lie\u00dfen sie sich scheiden. Der Vater setzte sein Studium an der Harvard University fort. Obama sah ihn als Zehnj\u00e4hriger zum letzten Mal. Er hat v\u00e4terlicherseits drei \u00e4ltere und drei j\u00fcngere Halbbr\u00fcder sowie eine j\u00fcngere Halbschwester namens Auma, die in Heidelberg studiert hat.<\/p>\n<p>Die Mutter heiratete einen Indonesier und sp\u00e4teren \u00d6lmanager und zog mit ihm und ihrem Sohn Barack 1967 nach Jakarta. Sie gebar dort Obamas j\u00fcngere Halbschwester Maya.<\/p>\n<p><img src=\"https:\/\/www.willizblog.de\/blogpicts\/obama_barak_mother_ann_dunham.jpg\" alt=\"Barack Obama als Kind mit seiner Mutter\" \/><\/p>\n<p><em>Barack Obama hat also deutsche Wurzeln, und zwar in Gestalt seines Ururururururgro\u00dfvaters. Christian Gutknecht hie\u00df der Mann, 1722 im els\u00e4ssischen Ort Bischweiler geboren (der damals unter der Herrschaft eines bayerischen Pfalzgrafen stand, heute zu Frankreich geh\u00f6rt und Bischwiller hei\u00dft). Mit 24 heiratete Gutknecht eine Maria Magdalena Gr\u00fcnholtz, drei Jahre sp\u00e4ter wanderten sie nach Amerika aus, wo sie am 13.September 1749 an Land gingen. Bei der \u00dcbersetzung seines Namens ins Englische erhob Christian Gutknecht sich vom &#8222;Knecht&#8220; zum Edelmann und nannte sich zun\u00e4chst &#8222;Goodknight&#8220;. Da das &#8222;k&#8220; in seiner neuen Sprache lautlos blieb, verwandelte er den Namen weiter zum eing\u00e4ngigen &#8222;Goodnight&#8220;. Obamas Ururururururgro\u00dfvater erlebte, vermutlich als Farmer in Pennsylvania, die Amerikanische Revolution und die Gr\u00fcndung der USA. Er starb am 26. Dezember 1795 in \u2013 Germantown.<\/em><\/p>\n<p><img src=\"https:\/\/www.willizblog.de\/blogpicts\/obama_deutsch.png\" alt=\"Deutscher Stammbaum von Barack Obama\" \/><\/p>\n<p><em>Von Christian Goodnight geht es \u00fcber sechs Generationen und die US-Staaten Virginia und Indiana nach Kansas zur Geburt von Obamas Mutter Stanley Ann Dunham im Jahr 1942. Sie brachte mit 18 Jahren ihren Sohn Barack Obama zur Welt, 212 Jahre nach Christian Gutknechts Atlantik\u00fcberquerung.<\/em><\/p>\n<p><em>K\u00f6nnen wir Obamas Germanness noch etwas genauer haben? Yes, we can! Obama ist zu 4,6875 Prozent deutsch. Das hat der amerikanische Genealoge William Addams Reitwiesner unter Einbeziehung aller bekannten Vorfahren errechnet. (Eine andere Linie f\u00fchrt zum Beispiel nach Heilbronn, bis ins Jahr 1616.) Deutschland scheitert damit zwar knapp an der F\u00fcnfprozenth\u00fcrde, liegt damit aber immerhin an dritter Stelle \u2013 hinter dem kenianischen Volk der Luo mit 50 und englischen Vorfahren mit 37,3 Prozent.<\/em><\/p>\n<p>siehe hierzu zeit.de: <a href=\"http:\/\/www.zeit.de\/2008\/31\/Obama-3\" target=\"_blank\">Der deutsche Obama<\/a><\/p>\n<p><img src=\"https:\/\/www.willizblog.de\/blogpicts\/obama_barack_unterschrift.png\" alt=\"Unterschrift von Barack Obama\" \/><\/p>\n","protected":false},"excerpt":{"rendered":"<p>Wenn jeder dritte US-Amerikaner deutsche Vorfahren hat, dann wundert es keinen, wenn auch amerikanische Pr\u00e4sidenten auf deutsche Vorfahren zur\u00fcckblicken k\u00f6nnen. Bei dem neuen US-Pr\u00e4sidenten, Barack Obama, wundert man sich dann aber doch. Das ist doch ein Afro-Amerikaner oder nicht? Nun die Hauptfarbe verr\u00e4t es gleich: Ein Elternteil, n\u00e4mlich die Mutter, war wei\u00df \u2013 und genau &hellip; <a href=\"https:\/\/willizblog.de\/?p=1447\" class=\"more-link\"><span class=\"screen-reader-text\">Obama und die deutschen Wurzeln<\/span> weiterlesen <span class=\"meta-nav\">&rarr;<\/span><\/a><\/p>\n","protected":false},"author":1,"featured_media":0,"comment_status":"open","ping_status":"closed","sticky":false,"template":"","format":"standard","meta":[],"categories":[12],"tags":[],"_links":{"self":[{"href":"https:\/\/willizblog.de\/index.php?rest_route=\/wp\/v2\/posts\/1447"}],"collection":[{"href":"https:\/\/willizblog.de\/index.php?rest_route=\/wp\/v2\/posts"}],"about":[{"href":"https:\/\/willizblog.de\/index.php?rest_route=\/wp\/v2\/types\/post"}],"author":[{"embeddable":true,"href":"https:\/\/willizblog.de\/index.php?rest_route=\/wp\/v2\/users\/1"}],"replies":[{"embeddable":true,"href":"https:\/\/willizblog.de\/index.php?rest_route=%2Fwp%2Fv2%2Fcomments&post=1447"}],"version-history":[{"count":0,"href":"https:\/\/willizblog.de\/index.php?rest_route=\/wp\/v2\/posts\/1447\/revisions"}],"wp:attachment":[{"href":"https:\/\/willizblog.de\/index.php?rest_route=%2Fwp%2Fv2%2Fmedia&parent=1447"}],"wp:term":[{"taxonomy":"category","embeddable":true,"href":"https:\/\/willizblog.de\/index.php?rest_route=%2Fwp%2Fv2%2Fcategories&post=1447"},{"taxonomy":"post_tag","embeddable":true,"href":"https:\/\/willizblog.de\/index.php?rest_route=%2Fwp%2Fv2%2Ftags&post=1447"}],"curies":[{"name":"wp","href":"https:\/\/api.w.org\/{rel}","templated":true}]}}