{"id":1450,"date":"2009-02-11T09:16:54","date_gmt":"2009-02-11T07:16:54","guid":{"rendered":"http:\/\/www.willizblog.de\/?p=1450"},"modified":"2009-02-11T09:23:53","modified_gmt":"2009-02-11T07:23:53","slug":"zuviel-eitelkeit-zur-unzeit","status":"publish","type":"post","link":"https:\/\/willizblog.de\/?p=1450","title":{"rendered":"Zuviel Eitelkeit zur Unzeit"},"content":{"rendered":"<p>1. Frau Merkel ist eine Ziehtochter von Helmut Kohl. Wie er so neigt auch sie dazu, Sachen auszusitzen, anstatt diese anzupacken.<\/p>\n<p>2. Auch heute noch verh\u00e4lt sich die CSU zur CDU wie ein vernachl\u00e4ssigtes, unverstandenes Kind zum Stiefvater.<\/p>\n<p>Zu 1.: Anstatt Herrn Seehofer, Bayerns Ministerpr\u00e4sidenten, der in letzter Zeit anscheinend die Richtlinien der Bundespolitik zu bestimmen scheint, zur Ordnung zu rufen, l\u00e4sst sie die Z\u00fcgel schleifen.<\/p>\n<p>Zu 2.: Weil er sich von der Bundeskanzlerin, Frau Merkel, \u00fcbergangen f\u00fchlte und in der Finanz- und Wirtschaftskrise nicht eingebunden wurde, tritt <a href=\"http:\/\/www.heute.de\/ZDFheute\/inhalt\/3\/0,3672,7514403,00.html\" target=\"_blank\">Bundeswirtschaftsminister Michael Glos (CSU)<\/a> von seinem Posten zur\u00fcck. Hinzu kam dann auch noch der Druck von Seiten seines CSU-Vorsitzenden (ebenfalls Herr Seehofer), der \u00fcber ihn entsprechenden Einfluss auszu\u00fcben gedachte.<\/p>\n<p>In normalen Zeiten steht es sicherlich der CSU und damit dem CSU-Vorsitzenden zu, den Nachfolger zu benennen, was Herr Seehofer mit Herrn von Guttenberg auch tat. Aber muss es wirklich ein in Wirtschaftsfragen eher unbedarfter Newcomer sein? Ich ma\u00dfe mir nicht an, \u00fcber Herrn von Guttenberg, Glos\u2019 Nachfolger, ein Urteil zu f\u00e4llen. Allein aus Reihen der CDU kommt reichlich Kritik an dieser Personalie.<\/p>\n<p>In Zeiten einer weltweiten Finanz- und Wirtschaftskrise ist Seehofers Personalentscheidung \u00e4u\u00dferst bedenklich. Sie offenbart Eitelkeiten, die jetzt v\u00f6llig fehl am Platze sind. Und sie offenbart auch den Mangel an Wirtschaftskompetenz der Union, wie es selbst der Finanzexperte der Unions-Bundestagsfraktion, Otto Bernhardt (CDU), feststellt.<\/p>\n<p>Und so nebenbei: Im Herbst stehen Bundestagswahlen an. Mir graut jetzt schon vor einer Regierungsbeteiligung der freien Demokraten, die sich bisher als Nutznie\u00dfer der Finanz- und Wirtschaftskrise erwiesen haben und nicht unbedingt durch Sachverstand gl\u00e4nzten.<\/p>\n","protected":false},"excerpt":{"rendered":"<p>1. Frau Merkel ist eine Ziehtochter von Helmut Kohl. Wie er so neigt auch sie dazu, Sachen auszusitzen, anstatt diese anzupacken. 2. Auch heute noch verh\u00e4lt sich die CSU zur CDU wie ein vernachl\u00e4ssigtes, unverstandenes Kind zum Stiefvater. Zu 1.: Anstatt Herrn Seehofer, Bayerns Ministerpr\u00e4sidenten, der in letzter Zeit anscheinend die Richtlinien der Bundespolitik zu &hellip; <a href=\"https:\/\/willizblog.de\/?p=1450\" class=\"more-link\"><span class=\"screen-reader-text\">Zuviel Eitelkeit zur Unzeit<\/span> weiterlesen <span class=\"meta-nav\">&rarr;<\/span><\/a><\/p>\n","protected":false},"author":1,"featured_media":0,"comment_status":"open","ping_status":"closed","sticky":false,"template":"","format":"standard","meta":[],"categories":[12],"tags":[],"_links":{"self":[{"href":"https:\/\/willizblog.de\/index.php?rest_route=\/wp\/v2\/posts\/1450"}],"collection":[{"href":"https:\/\/willizblog.de\/index.php?rest_route=\/wp\/v2\/posts"}],"about":[{"href":"https:\/\/willizblog.de\/index.php?rest_route=\/wp\/v2\/types\/post"}],"author":[{"embeddable":true,"href":"https:\/\/willizblog.de\/index.php?rest_route=\/wp\/v2\/users\/1"}],"replies":[{"embeddable":true,"href":"https:\/\/willizblog.de\/index.php?rest_route=%2Fwp%2Fv2%2Fcomments&post=1450"}],"version-history":[{"count":0,"href":"https:\/\/willizblog.de\/index.php?rest_route=\/wp\/v2\/posts\/1450\/revisions"}],"wp:attachment":[{"href":"https:\/\/willizblog.de\/index.php?rest_route=%2Fwp%2Fv2%2Fmedia&parent=1450"}],"wp:term":[{"taxonomy":"category","embeddable":true,"href":"https:\/\/willizblog.de\/index.php?rest_route=%2Fwp%2Fv2%2Fcategories&post=1450"},{"taxonomy":"post_tag","embeddable":true,"href":"https:\/\/willizblog.de\/index.php?rest_route=%2Fwp%2Fv2%2Ftags&post=1450"}],"curies":[{"name":"wp","href":"https:\/\/api.w.org\/{rel}","templated":true}]}}