{"id":1459,"date":"2009-02-20T00:49:15","date_gmt":"2009-02-19T22:49:15","guid":{"rendered":"http:\/\/www.willizblog.de\/?p=1459"},"modified":"2009-02-24T08:31:32","modified_gmt":"2009-02-24T06:31:32","slug":"100-jahre-heinz-erhardt","status":"publish","type":"post","link":"https:\/\/willizblog.de\/?p=1459","title":{"rendered":"100 Jahre Heinz Erhardt"},"content":{"rendered":"<p>Selbst meine S\u00f6hne wissen gleich, um wen es geht, wenn der Spruch ert\u00f6nt: <a href=\"https:\/\/www.willizblog.de\/?p=138\" target=\"_blank\">Und noch &#8217;n Gedicht!<\/a> Es geht um einen etwas dicklichen Mann mit sch\u00fctterem Haar und einer dunklen Hornbrille, mit naiv-verschmitzten Tonfall und einer gewollt unbeholfene Art: <a href=\"https:\/\/de.wikipedia.org\/wiki\/Heinz_Erhardt\" target=\"_blank\">Heinz Erhardt<\/a>.<\/p>\n<p>Heute vor 100 Jahren wurde <a href=\"http:\/\/www.heinzerhardt.com\" target=\"_blank\">Heinz Erhardt<\/a> in Riga, der Hauptstadt Lettlands, geboren. Am 5. Juni 1979 verstarb er in Hamburg. Heinz Erhardt war der beliebteste Komiker im betulich-altbackenen Wirtschaftswunder-Deutschland der 50er und 60er Jahre, bekannt f\u00fcr seine vollkommen unpolitischen Witze und Sprachspiele. Unpolitisch? Dazu komme ich sp\u00e4ter noch.<\/p>\n<p><em>&#8222;O w\u00e4r&#8216; ich<br \/>\nDer K\u00e4stner Erich!<br \/>\nAuch w\u00e4r&#8216; ich gern<br \/>\nChristian Morgenstern!<br \/>\nUnd h\u00e4tte ich nur einen Satz<br \/>\nVom Ringelnatz!<br \/>\nDoch nichts davon! &#8211; Zu aller Not<br \/>\nHab ich auch nichts von Busch und Roth!<br \/>\nDrum bleib&#8216; ich, wenn es mir auch schwer ward<br \/>\nNur Heinz Erhardt!&#8220;<\/em><\/p>\n<p>(Heinz Erhardt)<\/p>\n<p><img src=\"https:\/\/www.willizblog.de\/albpics\/heinz_erhardt.jpg\" alt=\"Heinz Erhardt\" \/><\/p>\n<p>Vielen mag Erhardt heute wie seine Zeit eher alt- gar hausbacken, leicht angestaubt und \u00fcberholt vorkommen. Aber sein Humor ist zeitlos und funktioniert immer noch. Schauen wir doch einfach einmal bei <em>youtube<\/em> nach, da finden sich <a href=\"https:\/\/www.youtube.com\/results?search_type=&#038;search_query=heinz+erhardt&#038;aq=f\" target=\"_blank\">unz\u00e4hlige Perlen Erhardt\u2019schen Witzes<\/a>.<\/p>\n<p>Neben den Gedichten sind es besonders die Weisheiten und Aphorismen, viele kleine Sprachspiele, in denen Heinz Erhardt gl\u00e4nzte, hier nur einige Beispiele:<\/p>\n<p><em>Wer sich selbst auf den Arm nimmt,<br \/>\nerspart anderen die Arbeit.<\/em><\/p>\n<p><em>Frieden auf Erden &#8211; hoffentlich wird es keinen Zaun<br \/>\nmehr geben, von dem man einen Streit brechen kann.<\/em><\/p>\n<p><em>Manchmal hat es wirklich keinen Sinn,<br \/>\ndie Stirn zu fletschen und die Z\u00e4hne zu runzeln.<\/em><\/p>\n<p><em>Ich reibe mir Morpheus Arme aus den Augen,<br \/>\nwerfe mir den Hut um die Schulter und lebe sinnlos m\u00e4\u00dfig.<\/em><\/p>\n<p><em>Wenn der Kragen am Hemd nicht sitzt,<br \/>\nhandelt es sich h\u00e4ufig um einen Stehkragen.<\/em><\/p>\n<p>Genug. Hier gibt es eine endlos lange Latte an herrlichen Gedichten \u2013 viel Spa\u00df dabei:<br \/>\n<a href=\"http:\/\/www.sabon.org\/heinz-erhardt-gedichte\/index.html\" target=\"_blank\">Heinz Erhardt Gedichte [1]<\/a> &#8211; <a href=\"http:\/\/www.muenic.de\/gedichte\/erhardt.html\" target=\"_blank\">Heinz Erhardt Gedichte [2]<\/a><\/p>\n<p><img src=\"https:\/\/www.willizblog.de\/albpics\/erhardt.gif\" alt=\"Heinz Erhardt tanzt\" \/><\/p>\n<p>Apropos Gedichte und das Stichwort unpolitisch. Auch wenn Heinz Erhardt das folgende Gedicht \u201eFlecke\u201c nicht geschrieben h\u00e4tte, so w\u00fcsste ich doch, dass sein ganzes Trachten von einer humanen Gesinnung gepr\u00e4gt war. Um wirklich menschlich zu sein, muss man Humor besitzen. Man bedenke nun, dass Heinz Erhardt folgendes Gedicht zur Adenauer-Zeit im Wirtschaftswunderland Deutschland verfasst hat. Das hatte, so finde ich, etwas Bemerkenswertes (man achte besonders auf die letzte Strophe):<\/p>\n<p><strong><em>Flecke<\/em><\/strong><\/p>\n<p><em>Gott, voller Weisheit, hehr und mild<br \/>\nschuf uns nach seinem Ebenbild<br \/>\nGewi\u00df, wir Menschen sind gescheit,<br \/>\ndoch wo ist uns\u2019re Menschlichkeit?<br \/>\nErscheint uns jemand edel, gro\u00df,<br \/>\nso t\u00e4uscht das: er verstellt sich blo\u00df!<br \/>\nErst wenn er B\u00f6ses tut und spricht,<br \/>\nzeigt er sein wahres Angesicht! \u2013<\/em><\/p>\n<p><em>Um obiges nun zu beweisen,<br \/>\nla\u00dft alphabetisch uns verreisen,<br \/>\ndann kann man sehn, was so geschah!<br \/>\nWir fangen vorne an, bei A!<\/em><\/p>\n<p><em>A (Amerika)<\/em><\/p>\n<p><em>Amerika, du Land der Super-<br \/>\nlative und dort, wo James Cooper<br \/>\nzwar seinen \u00bbLederstrumpf\u00ab verfa\u00dfte,<br \/>\nman aber die Indianer ha\u00dfte,<br \/>\nweshalb man sie, halb ausgerottet,<br \/>\nin Reservaten eingemottet,<br \/>\nsich daf\u00fcr aber Schwarze kaufte,<br \/>\nsie schlug und zur Belohnung taufte,<br \/>\ndoch heute meidet wie die Pest,<br \/>\nsie aber f\u00fcr sich sterben l\u00e4\u00dft \u2013<br \/>\nwie beispielgebend stehst du da<br \/>\nf\u00fcr Menschlichkeit! O, USA!<\/em><\/p>\n<p><em>B (Briten)<\/em><\/p>\n<p><em>Jedoch auch sie, die vielen Briten,<br \/>\ndie Schott- und Engl\u00e4nder, sie bieten<br \/>\nf\u00fcr unser Thema Menschlichkeit<br \/>\nso manchen Stoff seit alter Zeit!<br \/>\nNur waren\u2019s statt Indianer Inder,<br \/>\ndie sie ermordeten, auch Kinder;<br \/>\nund \u00e4hnlich Schreckliches erfuhren<br \/>\ndanach die Iren und die Buren,<br \/>\ndie man durch den Entzug des Fetts<br \/>\nverschmachten lie\u00df in den Kazetts!<br \/>\nJedoch bei V\u00f6lkern, welche siegen,<br \/>\nwird sowas immer totgeschwiegen&#8230;<\/em><\/p>\n<p><em>C (Christen)<\/em><\/p>\n<p><em>Dann w\u00e4re da, bar jeden Ruhms,<br \/>\nso manche Tat des Christentums,<br \/>\ndie, eben wegen seiner Lehre,<br \/>\nam besten unterblieben w\u00e4re!<br \/>\nMan denke da zum Beispiel an<br \/>\nInquisition zuerst und dann<br \/>\nan Waffensegnung mit Gebeten,<br \/>\num andre Gl\u00e4ubige zu t\u00f6ten!<br \/>\nAuch dieses: lieber Menschenmassen<br \/>\nverelenden und hungern lassen,<br \/>\nstatt man Geburtenreglung \u00fcbe \u2013<br \/>\nauch das zeugt nicht von Menschenliebe!<\/em><\/p>\n<p><em>D (Deutschland)<\/em><\/p>\n<p><em>Nun: Wollt ihr, da\u00df im Alphabet<br \/>\nes mit dem D jetzt weitergeht?<br \/>\nIst es nicht besser, wenn ich ende?<br \/>\nWascht nur in Unschuld eure H\u00e4nde<br \/>\nund greift, kraft eigenen Ermessens,<br \/>\nzum g\u00fct\u2019gen Handtuch des Vergessens&#8230;<\/em><\/p>\n<p><em>Doch hilft das Waschen nicht und Reiben:<br \/>\nDie Flecke bleiben!<\/em><\/p>\n<p>Welcher Popularit\u00e4t sich Heinz Erhardt noch heute erfreut, zeigen auch die vielen Beitr\u00e4ge in Zeitungen und im Internet und die Sendungen im Fernsehen, die in diesen Tagen verbreitet werden. Das Hamburger Abendblatt widmete ein ganzes <a href=\"http:\/\/www.abendblatt.de\/chl\/45.html\">Wochenendjournal<\/a> dem Komiker, der viele Jahre in Hamburg lebte. Und so lassen sich auch die TV-Sender nicht lumpen und stellen viel Material \u00fcber Heinz Erhardt ins Netz: <a href=\"http:\/\/www.daserste.de\/heinzerhardt\/\" target=\"_blank\">daserste.de<\/a> \u2013 <a href=\"http:\/\/www3.ndr.de\/sendungen\/kulturjournal\/kjheinzerhardt100.html\" target=\"_blank\">ndr.de<\/a><\/p>\n<p>Anempfehlen m\u00f6chte ich auch einen kleinen Artikel aus <a href=\"http:\/\/www.welt.de\/welt_print\/article3203755\/Wer-sich-selbst-auf-den-Arm-nimmt-erspart-anderen-die-Arbeit.html\" target=\"_blank\">der Welt<\/a>, der gewisserma\u00dfen auch die Schattenseiten von Erhardts Schaffen beleuchtet. So sehen wir heute Heinz Erhardt in vielen Filmen, die des Anguckens nicht wert w\u00e4ren, w\u00fcrde darinnen nicht dieser unvergessene Komiker auftreten. L\u00e4ngst w\u00e4ren diese Filme der Mottenkiste anheim gefallen. <\/p>\n<p>Zuletzt eine Ehrung, die ihm sicherlich gefallen h\u00e4tte. Zwischen den Stra\u00dfen Saseler Chaussee, Rabenhorst und Pfeilshofer Weg im Norden von Wellingsb\u00fcttel, einem Stadtteil Hamburgs, soll der <a href=\"http:\/\/www.zeit.de\/news\/artikel\/2009\/02\/02\/2721881.xml\" target=\"_blank\">Heinz-Erhardt-Park<\/a> entstehen. Erhardt wohnte viele Jahre nur wenige Meter von dieser Stelle entfernt:<\/p>\n<p><iframe loading=\"lazy\" width=\"520\" height=\"320\" frameborder=\"0\" scrolling=\"no\" marginheight=\"0\" marginwidth=\"0\" src=\"https:\/\/maps.google.de\/maps?hl=de&amp;q=hamburg,+Rabenhorst&amp;ie=UTF8&amp;split=0&amp;gl=de&amp;ei=L7KaSaX5AYSo0AWuyo22Ag&amp;t=h&amp;s=AARTsJomBziMXJNuvh6fn97Boah0t1j9og&amp;ll=53.641458,10.094354&amp;spn=0.004071,0.011158&amp;z=16&amp;output=embed\"><\/iframe><br \/>\nHeinz-Erhardt-Park in Hamburg-Wellingsb\u00fcttel<\/p>\n<p><strong>\u00dcbrigens:<\/strong> Im Jahr 2007 kam Heinz Erhardt bei der Wahl zum besten deutschsprachigen Komiker in der ZDF-Sendung \u201eUnsere Besten \u2013 Komiker &#038; Co.\u201c auf den zweiten Platz hinter <a href=\"https:\/\/www.willizblog.de\/?p=1366\" target=\"_blank\">Loriot<\/a>.<\/p>\n","protected":false},"excerpt":{"rendered":"<p>Selbst meine S\u00f6hne wissen gleich, um wen es geht, wenn der Spruch ert\u00f6nt: Und noch &#8217;n Gedicht! Es geht um einen etwas dicklichen Mann mit sch\u00fctterem Haar und einer dunklen Hornbrille, mit naiv-verschmitzten Tonfall und einer gewollt unbeholfene Art: Heinz Erhardt. Heute vor 100 Jahren wurde Heinz Erhardt in Riga, der Hauptstadt Lettlands, geboren. Am &hellip; <a href=\"https:\/\/willizblog.de\/?p=1459\" class=\"more-link\"><span class=\"screen-reader-text\">100 Jahre Heinz Erhardt<\/span> weiterlesen <span class=\"meta-nav\">&rarr;<\/span><\/a><\/p>\n","protected":false},"author":1,"featured_media":0,"comment_status":"open","ping_status":"closed","sticky":false,"template":"","format":"standard","meta":[],"categories":[7,15],"tags":[],"_links":{"self":[{"href":"https:\/\/willizblog.de\/index.php?rest_route=\/wp\/v2\/posts\/1459"}],"collection":[{"href":"https:\/\/willizblog.de\/index.php?rest_route=\/wp\/v2\/posts"}],"about":[{"href":"https:\/\/willizblog.de\/index.php?rest_route=\/wp\/v2\/types\/post"}],"author":[{"embeddable":true,"href":"https:\/\/willizblog.de\/index.php?rest_route=\/wp\/v2\/users\/1"}],"replies":[{"embeddable":true,"href":"https:\/\/willizblog.de\/index.php?rest_route=%2Fwp%2Fv2%2Fcomments&post=1459"}],"version-history":[{"count":0,"href":"https:\/\/willizblog.de\/index.php?rest_route=\/wp\/v2\/posts\/1459\/revisions"}],"wp:attachment":[{"href":"https:\/\/willizblog.de\/index.php?rest_route=%2Fwp%2Fv2%2Fmedia&parent=1459"}],"wp:term":[{"taxonomy":"category","embeddable":true,"href":"https:\/\/willizblog.de\/index.php?rest_route=%2Fwp%2Fv2%2Fcategories&post=1459"},{"taxonomy":"post_tag","embeddable":true,"href":"https:\/\/willizblog.de\/index.php?rest_route=%2Fwp%2Fv2%2Ftags&post=1459"}],"curies":[{"name":"wp","href":"https:\/\/api.w.org\/{rel}","templated":true}]}}