{"id":1463,"date":"2009-02-22T01:06:34","date_gmt":"2009-02-21T23:06:34","guid":{"rendered":"http:\/\/www.willizblog.de\/?p=1463"},"modified":"2009-03-23T08:34:34","modified_gmt":"2009-03-23T07:34:34","slug":"werder-kommt-nicht-vom-fleck","status":"publish","type":"post","link":"https:\/\/willizblog.de\/?p=1463","title":{"rendered":"Werder kommt nicht vom Fleck"},"content":{"rendered":"<p>Werder verharrt weiterhin im Bundesliga-Fu\u00dfball-Mittelma\u00df und kommt einfach nicht in Fahrt. Nach dem kl\u00e4glichen 1:1-Unentschieden zu Hause gegen den Tabellenletzten Gladbach verliert Werder beim weiteren Abstiegskandidaten Cottbus in letzter Minute 1:2. Das verdeutlicht, wie tief die Verunsicherung steckt. Man mag <a href=\"http:\/\/sport.ard.de\/sp\/fussball\/news200902\/09\/eventbox_buli_spieltag19_090209.jsp\" target=\"_blank\">\u00fcber die Gr\u00fcnde<\/a> spekulieren. Ein kollektives Burn-out-Syndrom wird bereits diagnostiziert. Und jede Menge Pech trotz all dem Unverm\u00f6gen kommt sicherlich auch hinzu.<\/p>\n<p>Verwunderlich ist da nat\u00fcrlich <a href=\"http:\/\/fussball.zdf.de\/ZDFsport\/inhalt\/30\/0,5676,7520606,00.html\" target=\"_blank\">die allgemeine Ruhe<\/a>, die immer noch im Verein und auch bei den Fans vorherrscht. Trotz unverkennbarer Krise ist bisher keine Hektik zu erkennen. Bis jetzt. Nach der gestrigen Niederlage d\u00fcrfte sich das langsam \u00e4ndern. Und sp\u00e4testens, wenn man im UEFA-Pokal gegen den AC Mailand ausscheiden sollte, d\u00fcrfte die Bombe platzen.<\/p>\n<p><a href=\"http:\/\/www.zdf.de\/ZDFmediathek\/content\/696864?inPopup=true\" target=\"_blank\">Hinspiel gegen AC Milan in voller L\u00e4nge<\/a> \u2013 dabei <a href=\"http:\/\/www.zdf.de\/ZDFmediathek\/content\/696836?inPopup=true\" target=\"_blank\">Diegos (hoffentlich) ganz wichtiges Tor im UEFA-Cup<\/a><\/p>\n<p>siehe auch: <a href=\"http:\/\/www.zdf.de\/ZDFmediathek\/content\/598866?inPopup=true\" target=\"_blank\">Werder-Internat, die Talent-Brutst\u00e4tte<\/a><\/p>\n","protected":false},"excerpt":{"rendered":"<p>Werder verharrt weiterhin im Bundesliga-Fu\u00dfball-Mittelma\u00df und kommt einfach nicht in Fahrt. Nach dem kl\u00e4glichen 1:1-Unentschieden zu Hause gegen den Tabellenletzten Gladbach verliert Werder beim weiteren Abstiegskandidaten Cottbus in letzter Minute 1:2. Das verdeutlicht, wie tief die Verunsicherung steckt. Man mag \u00fcber die Gr\u00fcnde spekulieren. Ein kollektives Burn-out-Syndrom wird bereits diagnostiziert. Und jede Menge Pech trotz &hellip; <a href=\"https:\/\/willizblog.de\/?p=1463\" class=\"more-link\"><span class=\"screen-reader-text\">Werder kommt nicht vom Fleck<\/span> weiterlesen <span class=\"meta-nav\">&rarr;<\/span><\/a><\/p>\n","protected":false},"author":1,"featured_media":0,"comment_status":"open","ping_status":"closed","sticky":false,"template":"","format":"standard","meta":[],"categories":[27],"tags":[],"_links":{"self":[{"href":"https:\/\/willizblog.de\/index.php?rest_route=\/wp\/v2\/posts\/1463"}],"collection":[{"href":"https:\/\/willizblog.de\/index.php?rest_route=\/wp\/v2\/posts"}],"about":[{"href":"https:\/\/willizblog.de\/index.php?rest_route=\/wp\/v2\/types\/post"}],"author":[{"embeddable":true,"href":"https:\/\/willizblog.de\/index.php?rest_route=\/wp\/v2\/users\/1"}],"replies":[{"embeddable":true,"href":"https:\/\/willizblog.de\/index.php?rest_route=%2Fwp%2Fv2%2Fcomments&post=1463"}],"version-history":[{"count":0,"href":"https:\/\/willizblog.de\/index.php?rest_route=\/wp\/v2\/posts\/1463\/revisions"}],"wp:attachment":[{"href":"https:\/\/willizblog.de\/index.php?rest_route=%2Fwp%2Fv2%2Fmedia&parent=1463"}],"wp:term":[{"taxonomy":"category","embeddable":true,"href":"https:\/\/willizblog.de\/index.php?rest_route=%2Fwp%2Fv2%2Fcategories&post=1463"},{"taxonomy":"post_tag","embeddable":true,"href":"https:\/\/willizblog.de\/index.php?rest_route=%2Fwp%2Fv2%2Ftags&post=1463"}],"curies":[{"name":"wp","href":"https:\/\/api.w.org\/{rel}","templated":true}]}}