{"id":1466,"date":"2009-02-27T00:58:47","date_gmt":"2009-02-26T22:58:47","guid":{"rendered":"http:\/\/www.willizblog.de\/?p=1466"},"modified":"2009-03-23T09:14:05","modified_gmt":"2009-03-23T08:14:05","slug":"zu-den-wurzeln-des-blues","status":"publish","type":"post","link":"https:\/\/willizblog.de\/?p=1466","title":{"rendered":"Zu den Wurzeln des Blues"},"content":{"rendered":"<p>Mit einer Exkursion in den Bereich der Weltmusik m\u00f6chte ich meine <a href=\"https:\/\/www.willizblog.de\/index.php?s=cooder\" target=\"_blank\">Beitragsreihe zu Ry Cooder<\/a> f\u00fcr heute (vorerst) beenden. Ry Cooder ist f\u00fcr mich nicht nur einer der gr\u00f6\u00dften Gitarristen, Bewunderung verdient er besonders dadurch, weil er sich abseits des musikalischen Mainstreams der traditionellen Musik Nordamerikas angenommen hat.<\/p>\n<p>So ist auch das Zusammenspiel zwischen <a href=\"https:\/\/de.wikipedia.org\/wiki\/Ry_Cooder\" target=\"_blank\">Ry Cooder<\/a> und <a href=\"https:\/\/de.wikipedia.org\/wiki\/Ali_Farka_Tour%C3%A9\" target=\"_blank\">Ali Farka Tour\u00e9<\/a> aus Mali als eine R\u00fcckkehr zu den Wurzeln einer der Richtungen der klassischen Musik Amerikas, dem Blues, zu betrachten. Als sich beide vor Jahren trafen, kristallisierte sich in Gespr\u00e4chen bei beiden Gitarristen die Idee heraus, die Wurzeln bis zum Ansatz zur\u00fcck zu verfolgen. Resultat ist ein 1994 erschienenes Album mit zeitlosen Kompositionen, deren Vocal-Parts in vier verschiedenen Sprachen (Tamasheck, Songbau, Bambara und Paul) verfasst wurden. Diese vier afrikanischen Sprachst\u00e4mme sind zugleich die Muttersprachen der V\u00f6lker, die von Sklavenh\u00e4ndlern einst in das Land der &#8218;Freiheiten und unbegrenzten M\u00f6glichkeiten&#8216; verschleppt wurden.<\/p>\n<p><img src=\"https:\/\/www.willizblog.de\/blogpicts\/ali_farka_toure_ry_cooder_talking_timbuktu.jpg\" alt=\"Ali Farka Tour\u00e9 &#038; Ry Cooder: Talking Timbuktu\" \/><\/p>\n<p>Das gemeinsame Projekt \u201eTalking Timbuktu\u201c ist eine gelungene Mischung aus klassischen Black-Blues und den folkloristischen Elementen Malis. Interessant ist dabei die instrumentale Mischung aus Gitarre, Percussion und Njarka (einer Art Fidel), ganz besonders die so typische Stimme von Ali Farka Tour\u00e9, die den Liedern ein ganz besonderes Flair einhaucht. Daraus ist auch deutlich der f\u00fcr Mali typische starke arabische Einfluss zu h\u00f6ren. 1995 bekam die Scheibe \u201eTalking Timbuktu\u201c den Grammy als <a href=\"https:\/\/de.wikipedia.org\/wiki\/Grammy_Awards_1995#Weltmusik\" target=\"_blank\">Best World Music Album<\/a>.<\/p>\n<p>Track listing:<\/p>\n<p><em>1. Bonde<br \/>\n2. Soukora<br \/>\n3. Gomni<br \/>\n4. Sega<br \/>\n5. Amandrai<br \/>\n6. Lasidan<br \/>\n7. Keito<br \/>\n8. Banga<br \/>\n9. Ai Du<br \/>\n10. Diaraby<\/em><\/p>\n<p>Hier einige kleine Ausschnitte aus mehreren St\u00fccken des Albums: <em>2. Soukora &#8211; 3. Gomni &#8211; 5. Amandrai &#8211; 6. Lasidan &#8211; 9. Ai Du<\/em> (jeweils rd. 30 Sekunden lang):<\/p>\n<p><object classid=\"clsid:22D6F312-B0F6-11D0-94AB-0080C74C7E95\" id=\"MediaPlayer1\" width=\"286\" height=\"42\"><param name=\"AudioStream\" value=\"-1\"><param name=\"AutoSize\" value=\"-1\"><param name=\"AutoStart\" value=\"0\"><param name=\"AnimationAtStart\" value=\"-1\"><param name=\"AllowScan\" value=\"-1\"><param name=\"AllowChangeDisplaySize\" value=\"-1\"><param name=\"AutoRewind\" value=\"0\"><param name=\"Balance\" value=\"0\"><param name=\"BaseURL\" value><param name=\"BufferingTime\" value=\"5\"><param name=\"CaptioningID\" value><param name=\"ClickToPlay\" value=\"-1\"><param name=\"CursorType\" value=\"0\"><param name=\"CurrentPosition\" value=\"-1\"><param name=\"CurrentMarker\" value=\"0\"><param name=\"DefaultFrame\" value><param name=\"DisplayBackColor\" value=\"0\"><param name=\"DisplayForeColor\" value=\"16777215\"><param name=\"DisplayMode\" value=\"0\"><param name=\"DisplaySize\" value=\"0\"><param name=\"Enabled\" value=\"-1\"><param name=\"EnableContextMenu\" value=\"-1\"><param name=\"EnablePositionControls\" value=\"-1\"><param name=\"EnableFullScreenControls\" value=\"0\"><param name=\"EnableTracker\" value=\"-1\"><param name=\"Filename\" value=\" https:\/\/www.willizblog.de\/blogpicts\/ali_farka_toure_ry_cooder_talking_timbuktu.mp3\"><param name=\"InvokeURLs\" value=\"-1\"><param name=\"Language\" value=\"-1\"><param name=\"Mute\" value=\"0\"><param name=\"PlayCount\" value=\"1\"><param name=\"PreviewMode\" value=\"0\"><param name=\"Rate\" value=\"1\"><param name=\"SAMILang\" value><param name=\"SAMIStyle\" value><param name=\"SAMIFileName\" value><param name=\"SelectionStart\" value=\"-1\"><param name=\"SelectionEnd\" value=\"-1\"><param name=\"SendOpenStateChangeEvents\" value=\"-1\"><param name=\"SendWarningEvents\" value=\"-1\"><param name=\"SendErrorEvents\" value=\"-1\"><param name=\"SendKeyboardEvents\" value=\"0\"><param name=\"SendMouseClickEvents\" value=\"0\"><param name=\"SendMouseMoveEvents\" value=\"0\"><param name=\"SendPlayStateChangeEvents\" value=\"-1\"><param name=\"ShowCaptioning\" value=\"0\"><param name=\"ShowControls\" value=\"-1\"><param name=\"ShowAudioControls\" value=\"-1\"><param name=\"ShowDisplay\" value=\"0\"><param name=\"ShowGotoBar\" value=\"0\"><param name=\"ShowPositionControls\" value=\"-1\"><param name=\"ShowStatusBar\" value=\"0\"><param name=\"ShowTracker\" value=\"-1\"><param name=\"TransparentAtStart\" value=\"0\"><param name=\"VideoBorderWidth\" value=\"0\"><param name=\"VideoBorderColor\" value=\"0\"><param name=\"VideoBorder3D\" value=\"0\"><param name=\"Volume\" value=\"0\"><param name=\"WindowlessVideo\" value=\"0\"><embed SRC=\" https:\/\/www.willizblog.de\/blogpicts\/ali_farka_toure_ry_cooder_talking_timbuktu.mp3\" type=\"audio\/x-wav\" CONSOLE=\"Clip19941\" CONTROLS=\"ImageWindow\" HEIGHT=\"42\" WIDTH=\"286\" AUTOSTART=\"false\"><\/embed><\/object><br \/>\nAli Farka Tour\u00e9 &#038; Ry Cooder: Ausschnitte aus \u201eTalking Timbuktu\u201c (1994)<\/p>\n<p>weitere Musiksampler aus: <a href=\"https:\/\/www.amazon.de\/gp\/recsradio\/radio\/B000024CHT\/ref=pd_krex_dp_001_001?ie=UTF8&#038;track=001&#038;disc=001\" target=\"_blank\">\u201eTalking Timbuktu\u201c<\/a><\/p>\n<p>siehe hierzu auch meinen Beitrag: <a href=\"https:\/\/www.willizblog.de\/?p=883\" target=\"_blank\">Desert Blues \u2013 Musikprojekt aus Mali<\/a><\/p>\n","protected":false},"excerpt":{"rendered":"<p>Mit einer Exkursion in den Bereich der Weltmusik m\u00f6chte ich meine Beitragsreihe zu Ry Cooder f\u00fcr heute (vorerst) beenden. Ry Cooder ist f\u00fcr mich nicht nur einer der gr\u00f6\u00dften Gitarristen, Bewunderung verdient er besonders dadurch, weil er sich abseits des musikalischen Mainstreams der traditionellen Musik Nordamerikas angenommen hat. So ist auch das Zusammenspiel zwischen Ry &hellip; <a href=\"https:\/\/willizblog.de\/?p=1466\" class=\"more-link\"><span class=\"screen-reader-text\">Zu den Wurzeln des Blues<\/span> weiterlesen <span class=\"meta-nav\">&rarr;<\/span><\/a><\/p>\n","protected":false},"author":1,"featured_media":0,"comment_status":"open","ping_status":"closed","sticky":false,"template":"","format":"standard","meta":[],"categories":[5,44,34],"tags":[],"_links":{"self":[{"href":"https:\/\/willizblog.de\/index.php?rest_route=\/wp\/v2\/posts\/1466"}],"collection":[{"href":"https:\/\/willizblog.de\/index.php?rest_route=\/wp\/v2\/posts"}],"about":[{"href":"https:\/\/willizblog.de\/index.php?rest_route=\/wp\/v2\/types\/post"}],"author":[{"embeddable":true,"href":"https:\/\/willizblog.de\/index.php?rest_route=\/wp\/v2\/users\/1"}],"replies":[{"embeddable":true,"href":"https:\/\/willizblog.de\/index.php?rest_route=%2Fwp%2Fv2%2Fcomments&post=1466"}],"version-history":[{"count":0,"href":"https:\/\/willizblog.de\/index.php?rest_route=\/wp\/v2\/posts\/1466\/revisions"}],"wp:attachment":[{"href":"https:\/\/willizblog.de\/index.php?rest_route=%2Fwp%2Fv2%2Fmedia&parent=1466"}],"wp:term":[{"taxonomy":"category","embeddable":true,"href":"https:\/\/willizblog.de\/index.php?rest_route=%2Fwp%2Fv2%2Fcategories&post=1466"},{"taxonomy":"post_tag","embeddable":true,"href":"https:\/\/willizblog.de\/index.php?rest_route=%2Fwp%2Fv2%2Ftags&post=1466"}],"curies":[{"name":"wp","href":"https:\/\/api.w.org\/{rel}","templated":true}]}}