{"id":1486,"date":"2009-03-15T17:16:59","date_gmt":"2009-03-15T17:16:59","guid":{"rendered":"http:\/\/www.willizblog.de\/?p=1486"},"modified":"2009-03-16T16:17:16","modified_gmt":"2009-03-16T14:17:16","slug":"blumenpracht-teil-20","status":"publish","type":"post","link":"https:\/\/willizblog.de\/?p=1486","title":{"rendered":"Blumenpracht Teil 20"},"content":{"rendered":"<p>Auch wenn die Temperaturen manchmal eher noch winterlich sind. Allein ein Blick in den Garten verr\u00e4t: Der Fr\u00fchling naht! Nach den Schneegl\u00f6ckchen sind es vor allen die Krokusse, die in voller Bl\u00fcte stehen. Noch wenige Tage, dann ist es soweit: Am Freitag, den 20. M\u00e4rz ( um 12:44 MEZ) ist die <a href=\"https:\/\/de.wikipedia.org\/wiki\/%C3%84quinoktium\" target=\"_blank\">Tag-und-Nacht-Gleiche<\/a> \u2013 sprich: Fr\u00fchlingsanfang.<\/p>\n<table border=\"0\" cellpadding=\"5\" cellspacing=\"0\" width=\"100%\">\n<tr>\n<td width=\"50%\">\n<p align=\"center\"><img loading=\"lazy\" border=\"0\" src=\"https:\/\/www.willizblog.de\/blogpicts\/blumen2008_03_01.jpg\" alt=\"AlbinZ Blumenpracht - M\u00e4rz 2009\" width=\"270\" height=\"203\"><\/td>\n<td width=\"50%\">\n<p align=\"center\"><img loading=\"lazy\" border=\"0\" src=\"https:\/\/www.willizblog.de\/blogpicts\/blumen2008_03_02.jpg\" alt=\"AlbinZ Blumenpracht - M\u00e4rz 2009\" width=\"270\" height=\"203\"><\/td>\n<\/tr>\n<tr>\n<td width=\"100%\" colspan=\"2\">\n<p align=\"center\"><font face=\"Lucida Grande, Lucida Sans Unicode, Verdana, sans-serif\" size=\"2\">AlbinZ Blumenpracht &#8211; M\u00e4rz 2009<\/font><\/td>\n<\/tr>\n<tr>\n<td width=\"50%\">\n<p align=\"center\"><img loading=\"lazy\" border=\"0\" src=\"https:\/\/www.willizblog.de\/blogpicts\/blumen2008_03_03.jpg\" alt=\"AlbinZ Blumenpracht - M\u00e4rz 2009\" width=\"270\" height=\"203\"><\/td>\n<td width=\"50%\">\n<p align=\"center\"><img loading=\"lazy\" border=\"0\" src=\"https:\/\/www.willizblog.de\/blogpicts\/blumen2008_03_04.jpg\" alt=\"AlbinZ Blumenpracht - M\u00e4rz 2009\" width=\"270\" height=\"203\"><\/td>\n<\/tr>\n<tr>\n<td width=\"50%\">\n<p align=\"center\"><img loading=\"lazy\" border=\"0\" src=\"https:\/\/www.willizblog.de\/blogpicts\/blumen2008_03_05.jpg\" alt=\"AlbinZ Blumenpracht - M\u00e4rz 2009\" width=\"270\" height=\"203\"><\/td>\n<td width=\"50%\">\n<p align=\"center\"><img loading=\"lazy\" border=\"0\" src=\"https:\/\/www.willizblog.de\/blogpicts\/blumen2008_03_06.jpg\" alt=\"AlbinZ Blumenpracht - M\u00e4rz 2009\" width=\"270\" height=\"203\"><\/td>\n<\/tr>\n<\/table>\n","protected":false},"excerpt":{"rendered":"<p>Auch wenn die Temperaturen manchmal eher noch winterlich sind. Allein ein Blick in den Garten verr\u00e4t: Der Fr\u00fchling naht! Nach den Schneegl\u00f6ckchen sind es vor allen die Krokusse, die in voller Bl\u00fcte stehen. Noch wenige Tage, dann ist es soweit: Am Freitag, den 20. M\u00e4rz ( um 12:44 MEZ) ist die Tag-und-Nacht-Gleiche \u2013 sprich: Fr\u00fchlingsanfang. &hellip; <a href=\"https:\/\/willizblog.de\/?p=1486\" class=\"more-link\"><span class=\"screen-reader-text\">Blumenpracht Teil 20<\/span> weiterlesen <span class=\"meta-nav\">&rarr;<\/span><\/a><\/p>\n","protected":false},"author":1,"featured_media":0,"comment_status":"open","ping_status":"closed","sticky":false,"template":"","format":"standard","meta":[],"categories":[16],"tags":[],"_links":{"self":[{"href":"https:\/\/willizblog.de\/index.php?rest_route=\/wp\/v2\/posts\/1486"}],"collection":[{"href":"https:\/\/willizblog.de\/index.php?rest_route=\/wp\/v2\/posts"}],"about":[{"href":"https:\/\/willizblog.de\/index.php?rest_route=\/wp\/v2\/types\/post"}],"author":[{"embeddable":true,"href":"https:\/\/willizblog.de\/index.php?rest_route=\/wp\/v2\/users\/1"}],"replies":[{"embeddable":true,"href":"https:\/\/willizblog.de\/index.php?rest_route=%2Fwp%2Fv2%2Fcomments&post=1486"}],"version-history":[{"count":0,"href":"https:\/\/willizblog.de\/index.php?rest_route=\/wp\/v2\/posts\/1486\/revisions"}],"wp:attachment":[{"href":"https:\/\/willizblog.de\/index.php?rest_route=%2Fwp%2Fv2%2Fmedia&parent=1486"}],"wp:term":[{"taxonomy":"category","embeddable":true,"href":"https:\/\/willizblog.de\/index.php?rest_route=%2Fwp%2Fv2%2Fcategories&post=1486"},{"taxonomy":"post_tag","embeddable":true,"href":"https:\/\/willizblog.de\/index.php?rest_route=%2Fwp%2Fv2%2Ftags&post=1486"}],"curies":[{"name":"wp","href":"https:\/\/api.w.org\/{rel}","templated":true}]}}