{"id":1488,"date":"2009-03-17T00:59:07","date_gmt":"2009-03-16T22:59:07","guid":{"rendered":"http:\/\/www.willizblog.de\/?p=1488"},"modified":"2011-02-23T14:32:20","modified_gmt":"2011-02-23T13:32:20","slug":"schieswut-und-waffenwahn","status":"publish","type":"post","link":"https:\/\/willizblog.de\/?p=1488","title":{"rendered":"Schie\u00dfwut und Waffenwahn"},"content":{"rendered":"<p>Nach dem Amoklauf in Winnenden mag man wieder einmal \u00fcber Versch\u00e4rfungen des Waffenrechts plaudern. F\u00fcr mich stellt sich einfach nur die Frage, wie es m\u00f6glich ist, dass sich Millionen von Gewehren und Pistolen, also Handfeuerwaffen aller Art, in privaten deutschen Haushalten befinden. Da haben wir geradezu amerikanische Verh\u00e4ltnisse. So ist es f\u00fcr mich kein Wunder, wenn sich in Deutschland auch die Amokl\u00e4ufe h\u00e4ufen. Amok ist l\u00e4ngst kein amerikanisches Ph\u00e4nomen mehr. Zwischen beiden, H\u00e4ufigkeit der Amokl\u00e4ufe und Anzahl der Waffen, sehe ich durchaus einen Zusammenhang. Auch der Amoksch\u00fctze aus Winnenden bediente sich aus einem reichhaltigen Arsenal.<\/p>\n<p>Und ich frage mich daher, was eigentlich die Faszination von Schusswaffen ausmacht? Vielleicht kann mir da jemand helfen. Ich verstehe das nicht. Gewinnt man dadurch Macht oder bekommt Lustgef\u00fchle, wenn man ein solches kaltes Eisen in H\u00e4nden h\u00e4lt?<\/p>\n<p>Es ist schwer nachzuvollziehen, was einen jungen Menschen veranlasst, eine Tat wie den Amoklauf in Winnenden zu begehen. Es m\u00fcssen mehrere Dinge zusammentreffen, die eine solche Handlung ausl\u00f6sen. Die Besch\u00e4ftigung mit Computerspielen wie <a href=\"https:\/\/de.wikipedia.org\/wiki\/Counter-Strike\" target=\"_blank\">Counter Strike<\/a> und \u00e4hnlicher Baller-Spiele und das Sehen von Horrorfilmen allein d\u00fcrfte dazu kaum gen\u00fcgen. Dann w\u00e4re jeder zweite Jugendlichen ein potenzieller Amoksch\u00fctze.<\/p>\n<p>Ein wesentlicher Punkt ist wohl der v\u00f6llige Verlust des Bezugs zu realen Umwelt. Solche T\u00e4ter schotten sich vor der Tat meist mehr und mehr von ihrer Umgebung ab. Im stillen K\u00e4mmerlein steigern sie sich in unwirkliche Gewaltszenarien, die sie dann real werden lassen. <a href=\"http:\/\/www.ard.de\/wissen\/Amok\/-\/id=1014206\/48pyvr\/index.html\" target=\"_blank\">Psychologen<\/a> werden die Mechanismen, die eine solche Bluttat ausl\u00f6sen, genauer erkl\u00e4ren k\u00f6nnen.<\/p>\n<p>F\u00fcr mich ist die Reaktion erschreckend, die Sportsch\u00fctzen und Waffenindustrie zeigen. Sportsch\u00fctzen f\u00fchlen sich angesichts der Diskussion ums Waffenrecht <a href=\"http:\/\/www.heute.de\/ZDFheute\/inhalt\/25\/0,3672,7534489,00.html\" target=\"_blank\">&#8222;zu Unrecht in die Ecke gedr\u00e4ngt&#8220;<\/a>. Und auf der weltweit gr\u00f6\u00dften Fachmesse f\u00fcr Schusswaffen, der <a href=\"http:\/\/www.zdf.de\/ZDFmediathek\/content\/713924?inPopup=true\" target=\"_blank\">IWA in N\u00fcrnberg<\/a>, die ausgerechnet in diesen Tagen stattfindet, herrscht Business as usual. &#8222;Das hier ist eine ganz normale Waffenmesse&#8220;, sagte der Besitzer eines Waffengesch\u00e4ftes. Wenn diskutiert wird, dann nur \u00fcber die Frage, wie eine m\u00f6glichst risikofreie Unterbringung der Schusswaffen gew\u00e4hrleistet ist, um den gesetzlichen Vorschriften endlich gerecht zu werden. Warum aber \u00fcberhaupt Waffen in dieser gro\u00dfen Anzahl vorhanden sein m\u00fcssen, dar\u00fcber macht sich keiner Gedanken. Und: Woher leitet sich eigentlich ein Recht auf Waffenbesitz ab?<\/p>\n<p>Wenn man den millionenfachen Waffenbesitz nicht in Frage stellt, dann n\u00fctzt auch die erneute Wertedebatte wenig. Sicherlich ist es wichtig, den Jugendlichen Werte wie Toleranz, H\u00f6flichkeit, Flei\u00df und Disziplin zu vermitteln. Auch sind die Eltern in die Pflicht zu nehmen. Manchen Eltern fehlt die ausreichende Kompetenz oder die Bereitschaft zur Erziehung ihrer Kinder. Wenn die Union nun den Ausbau der Familien-Beratung vom Kindergarten an f\u00f6rdern will, dann ist das aber viel zu wenig.<\/p>\n<p>Zur\u00fcck zu Schie\u00dfwut und Waffenwahn vieler Deutscher: Sicherlich haben <a href=\"https:\/\/de.wikipedia.org\/wiki\/Sch%C3%BCtzenverein\" target=\"_blank\">Sch\u00fctzenvereine<\/a> in Deutschland eine lange Tradition. Ich lebe auf dem Lande und nat\u00fcrlich hat auch mein Wohnort einen Sch\u00fctzenverein. Wenn man nun bei diesen Sch\u00fctzenfesten sieht, wie die \u201aSch\u00fctzen\u2019 in ihren Phantasieuniformen angetrunken dahertorkeln, diese oft genug im Suff in der Gegend herumballern, dann fragt man sich sp\u00e4testens, was das Ganze soll. \u201aVorbilder\u2019 sind solche Scharfsch\u00fctzen bestimmt nicht. Tradition hin, Tradition her \u2013 Sch\u00fctzenvereine sind f\u00fcr mich nicht mehr zeitgem\u00e4\u00df. Oder sie sollten auch ohne Schusswaffen auskommen k\u00f6nnen.<\/p>\n<p>Bl\u00e4ttert man in der einzigsten <a href=\"http:\/\/www.han-online.de\/\" target=\"_blank\">regionalen Tageszeitung<\/a> bei uns vor Ort, dann gewinnt man in manchen Zeiten den Eindruck, dass die Aktivit\u00e4ten der hiesigen Sch\u00fctzenvereine von au\u00dfergew\u00f6hnlicher Wichtigkeit sein m\u00fcssen. Mich interessiert das aber nur einen feuchten Kehricht.<\/p>\n<p>Es kann nicht nur um eine allgemeine Versch\u00e4rfung des Waffenrechts und dabei z.B. um sch\u00e4rfere Kontrollen der Waffen in Privatbesitz gehen, es geht vielmehr darum, den Waffenbesitz insgesamt drastisch einzuschr\u00e4nken. Nicht jeder Hans und Franz sollte zu Hause ein ganze Waffenarsenal ansammeln d\u00fcrfen.<\/p>\n<p>Eigentlich wollte ich diesen Beitrag <strong><a href=\"http:\/\/germazope.uni-trier.de\/Projects\/WBB\/woerterbuecher\/dwb\/wbgui?lemmode=lemmasearch&amp;mode=hierarchy&amp;textsize=600&amp;onlist=&amp;word=schieszen&amp;lemid=GS07869&amp;query_start=1&amp;totalhits=0&amp;textword=&amp;locpattern=&amp;textpattern=&amp;lemmapattern=&amp;verspattern=#GS07869L0\" target=\"_blank\">Schie\u00dfen<\/a> ist <a href=\"http:\/\/germazope.uni-trier.de\/Projects\/WBB\/woerterbuecher\/dwb\/wbgui?lemmode=lemmasearch&amp;mode=hierarchy&amp;textsize=600&amp;onlist=&amp;word=scheiszen&amp;lemid=GS06366&amp;query_start=1&amp;totalhits=0&amp;textword=&amp;locpattern=&amp;textpattern=&amp;lemmapattern=&amp;verspattern=#GS06366L0\" target=\"_blank\">Schei\u00dfe<\/a><\/strong> betiteln. Ich wei\u00df nicht, ob beide W\u00f6rter die gleiche Etymologie, also Wortherkunft, haben. Denkbar w\u00e4re es aber.<\/p>\n<p>siehe auch meine Beitr\u00e4ge: <a href=\"https:\/\/www.willizblog.de\/?p=113\" target=\"_blank\">Amok<\/a> &#8212; <a href=\"https:\/\/www.willizblog.de\/?p=937\" target=\"_blank\">Massaker &amp; Amoklauf<\/a><\/p>\n","protected":false},"excerpt":{"rendered":"<p>Nach dem Amoklauf in Winnenden mag man wieder einmal \u00fcber Versch\u00e4rfungen des Waffenrechts plaudern. F\u00fcr mich stellt sich einfach nur die Frage, wie es m\u00f6glich ist, dass sich Millionen von Gewehren und Pistolen, also Handfeuerwaffen aller Art, in privaten deutschen Haushalten befinden. Da haben wir geradezu amerikanische Verh\u00e4ltnisse. So ist es f\u00fcr mich kein Wunder, &hellip; <a href=\"https:\/\/willizblog.de\/?p=1488\" class=\"more-link\"><span class=\"screen-reader-text\">Schie\u00dfwut und Waffenwahn<\/span> weiterlesen <span class=\"meta-nav\">&rarr;<\/span><\/a><\/p>\n","protected":false},"author":1,"featured_media":0,"comment_status":"open","ping_status":"closed","sticky":false,"template":"","format":"standard","meta":[],"categories":[2],"tags":[56,54,55,57],"_links":{"self":[{"href":"https:\/\/willizblog.de\/index.php?rest_route=\/wp\/v2\/posts\/1488"}],"collection":[{"href":"https:\/\/willizblog.de\/index.php?rest_route=\/wp\/v2\/posts"}],"about":[{"href":"https:\/\/willizblog.de\/index.php?rest_route=\/wp\/v2\/types\/post"}],"author":[{"embeddable":true,"href":"https:\/\/willizblog.de\/index.php?rest_route=\/wp\/v2\/users\/1"}],"replies":[{"embeddable":true,"href":"https:\/\/willizblog.de\/index.php?rest_route=%2Fwp%2Fv2%2Fcomments&post=1488"}],"version-history":[{"count":0,"href":"https:\/\/willizblog.de\/index.php?rest_route=\/wp\/v2\/posts\/1488\/revisions"}],"wp:attachment":[{"href":"https:\/\/willizblog.de\/index.php?rest_route=%2Fwp%2Fv2%2Fmedia&parent=1488"}],"wp:term":[{"taxonomy":"category","embeddable":true,"href":"https:\/\/willizblog.de\/index.php?rest_route=%2Fwp%2Fv2%2Fcategories&post=1488"},{"taxonomy":"post_tag","embeddable":true,"href":"https:\/\/willizblog.de\/index.php?rest_route=%2Fwp%2Fv2%2Ftags&post=1488"}],"curies":[{"name":"wp","href":"https:\/\/api.w.org\/{rel}","templated":true}]}}