{"id":150,"date":"2005-05-23T05:16:45","date_gmt":"2005-05-23T04:16:45","guid":{"rendered":"http:\/\/www.albinz.de\/blog\/?p=150"},"modified":"2005-10-20T09:53:05","modified_gmt":"2005-10-20T07:53:05","slug":"neuwahlen-zum-bundestag-im-herbst-2005","status":"publish","type":"post","link":"https:\/\/willizblog.de\/?p=150","title":{"rendered":"Neuwahlen zum Bundestag im Herbst 2005"},"content":{"rendered":"<p>Bundeskanzler Schr\u00f6der sieht nach der Wahlschlappe seiner Partei in NRW die politische Grundlage f\u00fcr die Fortsetzung seiner Arbeit in Frage gestellt und k\u00fcndigt Neuwahlen zum Bundestag noch f\u00fcr den Herbst diesen Jahres an. Dabei ist zu bedenken, dass eine Aufl\u00f6sung des Bundestages z.B. durch den Bundespr\u00e4sidenten nach dem Grundgesetz nicht in Frage kommt. Neben dem &#8218;konstruktiven Misstrauensvotum&#8216; (Helmut Kohl kam seiner Zeit hiermit an die Macht), was wohl nicht in Frage kommt, bleibt ihm nur die Vertrauensfrage, die er trotz Mehrheit im Bundestag &#8218;verlieren&#8216; muss. Nur so sind Neuwahlen m\u00f6glich. Allerdings muss hier gefragt sein, ob eine so verlorene Vertrauensfrage auch im Geiste des Grundgesetzes ist. Es gibt zurecht Stimmen, die das verneinen, denn die Niederlage m\u00fcsste k\u00fcnstlich erzeugt werden. Immerhin hatte Helmut Kohl auch schon nach seiner Macht\u00fcbernahme Neuwahlen auf diesem Weg erzwungen. Verfassungsrechtlich wurde das damals abgesegnet.<\/p>\n","protected":false},"excerpt":{"rendered":"<p>Bundeskanzler Schr\u00f6der sieht nach der Wahlschlappe seiner Partei in NRW die politische Grundlage f\u00fcr die Fortsetzung seiner Arbeit in Frage gestellt und k\u00fcndigt Neuwahlen zum Bundestag noch f\u00fcr den Herbst diesen Jahres an. Dabei ist zu bedenken, dass eine Aufl\u00f6sung des Bundestages z.B. durch den Bundespr\u00e4sidenten nach dem Grundgesetz nicht in Frage kommt. Neben dem &hellip; <a href=\"https:\/\/willizblog.de\/?p=150\" class=\"more-link\"><span class=\"screen-reader-text\">Neuwahlen zum Bundestag im Herbst 2005<\/span> weiterlesen <span class=\"meta-nav\">&rarr;<\/span><\/a><\/p>\n","protected":false},"author":1,"featured_media":0,"comment_status":"closed","ping_status":"closed","sticky":false,"template":"","format":"standard","meta":[],"categories":[29],"tags":[],"_links":{"self":[{"href":"https:\/\/willizblog.de\/index.php?rest_route=\/wp\/v2\/posts\/150"}],"collection":[{"href":"https:\/\/willizblog.de\/index.php?rest_route=\/wp\/v2\/posts"}],"about":[{"href":"https:\/\/willizblog.de\/index.php?rest_route=\/wp\/v2\/types\/post"}],"author":[{"embeddable":true,"href":"https:\/\/willizblog.de\/index.php?rest_route=\/wp\/v2\/users\/1"}],"replies":[{"embeddable":true,"href":"https:\/\/willizblog.de\/index.php?rest_route=%2Fwp%2Fv2%2Fcomments&post=150"}],"version-history":[{"count":0,"href":"https:\/\/willizblog.de\/index.php?rest_route=\/wp\/v2\/posts\/150\/revisions"}],"wp:attachment":[{"href":"https:\/\/willizblog.de\/index.php?rest_route=%2Fwp%2Fv2%2Fmedia&parent=150"}],"wp:term":[{"taxonomy":"category","embeddable":true,"href":"https:\/\/willizblog.de\/index.php?rest_route=%2Fwp%2Fv2%2Fcategories&post=150"},{"taxonomy":"post_tag","embeddable":true,"href":"https:\/\/willizblog.de\/index.php?rest_route=%2Fwp%2Fv2%2Ftags&post=150"}],"curies":[{"name":"wp","href":"https:\/\/api.w.org\/{rel}","templated":true}]}}