{"id":1508,"date":"2009-03-19T09:15:38","date_gmt":"2009-03-19T08:15:38","guid":{"rendered":"http:\/\/www.willizblog.de\/?p=1508"},"modified":"2009-03-23T08:33:08","modified_gmt":"2009-03-23T07:33:08","slug":"zuruck-im-spiel","status":"publish","type":"post","link":"https:\/\/willizblog.de\/?p=1508","title":{"rendered":"Zur\u00fcck im Spiel"},"content":{"rendered":"<p>Sp\u00e4testens seit gestern Abend sollte es Gewissheit sein: Die Fu\u00dfballmannschaft von Werder Bremen ist zur\u00fcck im Spiel. <a href=\"http:\/\/fussball.zdf.de\/ZDFsport\/inhalt\/11\/0,5676,7536747,00.html\" target=\"_blank\">Im Schongang<\/a> schaffte Werder im R\u00fcckspiel bei AS St. Etienne den Einzug ins Viertelfinale des UEFA-Cup, auch wenn in der 2. Halbzeit ein 2:0-Vorsprung noch vergeben wurde (Endstand 2:2). Bereits im DFB-Pokal erreichte man das Halbfinale, das nun am 22. April allerdings wieder ausw\u00e4rts, diesmal beim HSV zu bestreiten sein wird. Und in der Bundesliga geht es nach dem 4:0-Sieg am letzten Wochenende gegen Stuttgart auch wieder vorw\u00e4rts.<\/p>\n<p><img src=\"https:\/\/www.willizblog.de\/blogpicts\/werder0809_uefa_st_etienne.jpg\" alt=\"Pizarro zum 0:2 f\u00fcr Werder gegen As St. Etienne\" \/><\/p>\n<p>Trotz <a href=\"http:\/\/fussball.zdf.de\/ZDFsport\/inhalt\/31\/0,5676,7533599,00.html\" target=\"_blank\">Amigo-Aff\u00e4re<\/a> (der inzwischen zur\u00fcckgetretene Vereinsboss J\u00fcrgen L. Born soll bei Spielertransfers in die eigene Tasche gewirtschaftet haben) und trotz eines <a href=\"http:\/\/fussball.zdf.de\/ZDFsport\/inhalt\/18\/0,5676,7533170,00.html\" target=\"_blank\">Claudio Pizarro in Erkl\u00e4rungsn\u00f6ten<\/a> (er steht u.a. im Verdacht als Spielervermittler t\u00e4tig geworden zu sein, was ihm als Spieler verboten ist \u2013 au\u00dferdem geht es um Geldw\u00e4sche und Steuerhinterziehung in Peru) hat sich die Mannschaft endlich berappelt und aus der Krise gespielt. Will man auch im n\u00e4chsten Jahr international vertreten sein, dann muss in dieser Saison entweder der UEFA-Cup oder der DFB-Pokal gewonnen werden. Werder Bremen ist auf gutem Wege &#8230;<\/p>\n","protected":false},"excerpt":{"rendered":"<p>Sp\u00e4testens seit gestern Abend sollte es Gewissheit sein: Die Fu\u00dfballmannschaft von Werder Bremen ist zur\u00fcck im Spiel. Im Schongang schaffte Werder im R\u00fcckspiel bei AS St. Etienne den Einzug ins Viertelfinale des UEFA-Cup, auch wenn in der 2. Halbzeit ein 2:0-Vorsprung noch vergeben wurde (Endstand 2:2). Bereits im DFB-Pokal erreichte man das Halbfinale, das nun &hellip; <a href=\"https:\/\/willizblog.de\/?p=1508\" class=\"more-link\"><span class=\"screen-reader-text\">Zur\u00fcck im Spiel<\/span> weiterlesen <span class=\"meta-nav\">&rarr;<\/span><\/a><\/p>\n","protected":false},"author":1,"featured_media":0,"comment_status":"open","ping_status":"closed","sticky":false,"template":"","format":"standard","meta":[],"categories":[27],"tags":[],"_links":{"self":[{"href":"https:\/\/willizblog.de\/index.php?rest_route=\/wp\/v2\/posts\/1508"}],"collection":[{"href":"https:\/\/willizblog.de\/index.php?rest_route=\/wp\/v2\/posts"}],"about":[{"href":"https:\/\/willizblog.de\/index.php?rest_route=\/wp\/v2\/types\/post"}],"author":[{"embeddable":true,"href":"https:\/\/willizblog.de\/index.php?rest_route=\/wp\/v2\/users\/1"}],"replies":[{"embeddable":true,"href":"https:\/\/willizblog.de\/index.php?rest_route=%2Fwp%2Fv2%2Fcomments&post=1508"}],"version-history":[{"count":0,"href":"https:\/\/willizblog.de\/index.php?rest_route=\/wp\/v2\/posts\/1508\/revisions"}],"wp:attachment":[{"href":"https:\/\/willizblog.de\/index.php?rest_route=%2Fwp%2Fv2%2Fmedia&parent=1508"}],"wp:term":[{"taxonomy":"category","embeddable":true,"href":"https:\/\/willizblog.de\/index.php?rest_route=%2Fwp%2Fv2%2Fcategories&post=1508"},{"taxonomy":"post_tag","embeddable":true,"href":"https:\/\/willizblog.de\/index.php?rest_route=%2Fwp%2Fv2%2Ftags&post=1508"}],"curies":[{"name":"wp","href":"https:\/\/api.w.org\/{rel}","templated":true}]}}