{"id":1515,"date":"2009-03-21T15:01:20","date_gmt":"2009-03-21T14:01:20","guid":{"rendered":"http:\/\/www.willizblog.de\/?p=1515"},"modified":"2009-03-21T15:35:33","modified_gmt":"2009-03-21T14:35:33","slug":"stammplatz-ade","status":"publish","type":"post","link":"https:\/\/willizblog.de\/?p=1515","title":{"rendered":"Stammplatz ade"},"content":{"rendered":"<p>Mit dem Fahrplanwechsel im Dezember 2008 gab es im Bahnverkehr <a href=\"https:\/\/www.willizblog.de\/?p=1397\" target=\"_blank\">Mehr als das \u00fcbliche Chaos<\/a>. Da wurden Z\u00fcge, die ohnehin brechend voll sind und haupts\u00e4chlich von Pendlern genutzt werden, um zwei Waggons gek\u00fcrzt. Und die Stammpl\u00e4tze <a href=\"http:\/\/www.der-metromon.de\/\" target=\"_blank\">im Metronom<\/a>, der u.a. zwischen Bremen und Hamburg verkehrt, wurden auf eine Art und Weise neu verteilt, dass einige gelackmeiert nur noch <a href=\"https:\/\/www.willizblog.de\/?p=1409\" target=\"_blank\">auf wenig komfortablen Klappsitzen Platz<\/a> fanden.<\/p>\n<p><img src=\"https:\/\/www.willizblog.de\/blogpicts\/metronom_fahrgaeste.jpg\" alt=\"Der 'metronom' und seine Fahrg\u00e4ste\" \/><\/p>\n<p>Das mit den Stammpl\u00e4tzen ist ein besonderer Service: Wer eine Jahresabo-Karte hat, kann sich f\u00fcr die werkt\u00e4glichen Fahrten zur und von der Arbeit in jeweils einem Zug einen festen Sitzplatz reservieren lassen \u2013 und das kostenlos. Klingt gut. Nur manchmal wird ein Segen zum Fluch:<\/p>\n<p><strong>Meine Mail an die metronom Eisenbahngesellschaft mbH vom 19.03.2009:<\/strong><\/p>\n<p><em>Seit gestern wird mein bei Ihnen reservierte Stammplatz nicht mehr angezeigt &#8211; sowohl bei der Hin- als auch R\u00fcckfahrt. Ich habe in der Online-Reservierung bei Ihnen noch einmal nachgeschaut: Tats\u00e4chlich ist dort mein Platz wieder freigegeben.<\/em><\/p>\n<p><em>Ich wei\u00df nicht, was der Grund ist, es w\u00e4re aber nett, wenn meine Reservierung m\u00f6glichst schnell wieder vorgenommen w\u00fcrde. Ich habe eine Reservierung f\u00fcr die Strecke Tostedt &#8211; Hamburg Hbf &#8211; 2. Klasse &#8230;<\/em><\/p>\n<p><em>Wie ich geh\u00f6rt habe, ist das kein Einzelfall.<br \/>\nVielen Dank<\/em><br \/>\n&#8230;<\/p>\n<p><strong>Antwort von der metronom Eisenbahngesellschaft mbH vom 20.03.2009:<\/strong><\/p>\n<p><em>Sehr geehrter Herr &#8230;,<\/em><\/p>\n<p><em>vielen Dank f\u00fcr Ihre E-Mail vom 19.03.2009.<\/em><\/p>\n<p><em>Leider wurde Ihre bisherige Stammplatzreservierung 494&#8230; automatisch vom System gel\u00f6scht, da die eingereichte Fahrkartenkopie bereits am 31.12.2008 ablief. Eine Neureservierung ist nur unter Zahlung eines Bearbeitungsentgeltes in H\u00f6he von 25,00 \u20ac und noch freien Pl\u00e4tzen m\u00f6glich.<\/em><\/p>\n<p><em>Auch in Ihrem Schreiben zur StammplatzCard wurden Sie darauf hingewiesen:<\/em><\/p>\n<p>[nachfolgender Text in blau, fett und unterstrichen, damit auch ein Depp wie ich begreift, um was es geht:]<\/p>\n<table border=\"0\" cellpadding=\"0\" cellspacing=\"0\" width=\"100%\">\n<tr>\n<td width=\"100%\"><font face=\"Lucida Grande, Lucida Sans Unicode, Verdana, sans-serif\" size=\"2\" color=\"#0000FF\"><b><u>Bitte beachten Sie, dass die Stammplatzreservierung maximal bis zum n\u00e4chsten Fahrplanwechsel im Dezember 2009 g\u00fcltig ist.<\/u><\/b><\/font><\/p>\n<p><font face=\"Lucida Grande, Lucida Sans Unicode, Verdana, sans-serif\" size=\"2\" color=\"#0000FF\"><b><u>Sollten wir bis zum Ablauf der G\u00fcltigkeit Ihrer jetzigen Streckenzeitkarte keine Kopie Ihrer neuen Zeitkarte erhalten, erlischt Ihre Stammplatzreservierung allerdings vorher, und zwar mit dem letzten Geltungstag Ihrer jetzt g\u00fcltigen Streckenzeitkarte.<\/u><\/b><\/font><\/td>\n<\/tr>\n<\/table>\n<p><em>Bitte geben Sie uns eine R\u00fcckmeldung, falls Sie eine Neureservierung w\u00fcnschen.<\/em><\/p>\n<p><em>F\u00fcr weitere Fragen, stehen wir Ihnen auch gern telefonisch zur Verf\u00fcgung.<\/em><\/p>\n<p><em>Mit freundlichen Gr\u00fc\u00dfen<br \/>\n i. A. &#8230;<br \/>\nKundenberatung<\/em><\/p>\n<p><strong>Meine Antwort darauf vom 20.03.2009:<\/strong><\/p>\n<p><em>Sehr geehrte Frau &#8230;,<\/em><\/p>\n<p><em>mit meiner Stammplatzreservierung habe ich seit dem Fahrplanwechsel so meine Probleme <a href=\"https:\/\/www.willizblog.de\/?p=1409\" target=\"_blank\">(Klappsitz oder Stammplatz)<\/a>. Was schief gehen kann, geht dann auch schief.<\/em><\/p>\n<p><em>Ich hatte vormittags am 18.12.2008 bei Ihnen online meine Stammplatzreservierung angemeldet. Dabei hatte ich als G\u00fcltigkeitsdatum meiner Jahresabo-Karte &#8218;wahrheitsgem\u00e4\u00df&#8216; den 31.12.2008 angegeben, da ich die neue Abo-Wertmarke noch nicht bekommen hatte.<\/em><\/p>\n<p><em>Als ich am Nachmittag nach Hause kam, war die neue Abo-Wertmarke mit der Post eingetroffen. So machte ich noch am gleichen Tag eine Kopie davon und sandte Ihnen diese (in einer Word-Datei &#8218;verpackt&#8216;) per Mail (18.12.2008 &#8211; 17:06) mit folgendem Anschreiben zu:<\/em><\/p>\n<p>Sehr geehrte Damen und Herren,<\/p>\n<p>im Anhang \u00fcbersende ich Ihnen ein Word-Dokument mit den Kopien meiner Abonnements-Kundenkarte und der neuesten Abo-Wertmarke (g\u00fcltig bis 31. Dez. 2009) zum Nachweis meiner Berechtigung f\u00fcr eine Stammplatzreservierung:<\/p>\n<p>&#8230;<br \/>\nBestellnummer: 494&#8230;<\/p>\n<p>Mit freundlichen Gr\u00fc\u00dfen<br \/>\n&#8230;<\/p>\n<p><em>Die Fahrkartenkopie mit G\u00fcltigkeit bis zum 31.12.<strong>2009<\/strong> liegt Ihnen also bereits seit dem 18.12.2008 vor.<\/em><\/p>\n<p><img src=\"https:\/\/www.albinz.net\/models\/stammplatzcard.jpg\" alt=\"metronom-StammplatzCard\" \/><\/p>\n<p><em>Die Jahre zuvor hatte ich nie Schwierigkeiten mit der Stammplatzreservierung. Sobald ich die neue Abo-Wertmarke bekam, habe ich umgehend die Reservierung vorgenommen und konnte so \u00fcber Jahre meinen alten Stammplatz behalten. Mit dem letzten Fahrplanwechsel verlor ich zun\u00e4chst meinen bisherigen Platz. Und jetzt dieses Theater. Da laut Kartenaufschrift die StammplatzCard Eigentum der metronom Eisenbahngesellschaft mbH ist, m\u00f6chte ich Ihnen Ihr Eigentum nicht vorenthalten und werde die Karte bei n\u00e4chster Gelegenheit einen Ihrer Mitarbeiter aush\u00e4ndigen. Sie werden sicherlich verstehen, dass ich nicht gewillt bin, 25 \u20ac f\u00fcr eine Neureservierung zu bezahlen (zumal allein in den letzten zwei, drei Wochen die gesamte Stammplatzanzeige &#8218;aus technischen Gr\u00fcnden&#8216; zweimal nicht funktionierte).<\/em><\/p>\n<p><em>Mit trotzdem freundlichen Gr\u00fc\u00dfen<\/em><br \/>\n&#8230;<\/p>\n<p><strong>Stammplatz ade.<\/strong> Ist auch besser so: Bis zum Fahrplanwechsel hatte ich ein h\u00fcbsches blondes M\u00e4del als Sitznachbarin. Da konnte der Tag nur positiv beginnen. Nach dem Fahrplanwechsel sa\u00df ich neben einen Schnarchhahn, der, weil er bereits in Hamburg-Harburg den Ausgang suchte, immer wie ein Ferkel grunzte, damit ich ihm Platz zum Aussteigen machte. Jetzt bin ich wieder heimatlos und komme ohne festen Sitzplatz wenigstens wieder unters Volk! Ja, man sollte positiv denken.<\/p>\n","protected":false},"excerpt":{"rendered":"<p>Mit dem Fahrplanwechsel im Dezember 2008 gab es im Bahnverkehr Mehr als das \u00fcbliche Chaos. Da wurden Z\u00fcge, die ohnehin brechend voll sind und haupts\u00e4chlich von Pendlern genutzt werden, um zwei Waggons gek\u00fcrzt. Und die Stammpl\u00e4tze im Metronom, der u.a. zwischen Bremen und Hamburg verkehrt, wurden auf eine Art und Weise neu verteilt, dass einige &hellip; <a href=\"https:\/\/willizblog.de\/?p=1515\" class=\"more-link\"><span class=\"screen-reader-text\">Stammplatz ade<\/span> weiterlesen <span class=\"meta-nav\">&rarr;<\/span><\/a><\/p>\n","protected":false},"author":1,"featured_media":0,"comment_status":"open","ping_status":"closed","sticky":false,"template":"","format":"standard","meta":[],"categories":[22],"tags":[],"_links":{"self":[{"href":"https:\/\/willizblog.de\/index.php?rest_route=\/wp\/v2\/posts\/1515"}],"collection":[{"href":"https:\/\/willizblog.de\/index.php?rest_route=\/wp\/v2\/posts"}],"about":[{"href":"https:\/\/willizblog.de\/index.php?rest_route=\/wp\/v2\/types\/post"}],"author":[{"embeddable":true,"href":"https:\/\/willizblog.de\/index.php?rest_route=\/wp\/v2\/users\/1"}],"replies":[{"embeddable":true,"href":"https:\/\/willizblog.de\/index.php?rest_route=%2Fwp%2Fv2%2Fcomments&post=1515"}],"version-history":[{"count":0,"href":"https:\/\/willizblog.de\/index.php?rest_route=\/wp\/v2\/posts\/1515\/revisions"}],"wp:attachment":[{"href":"https:\/\/willizblog.de\/index.php?rest_route=%2Fwp%2Fv2%2Fmedia&parent=1515"}],"wp:term":[{"taxonomy":"category","embeddable":true,"href":"https:\/\/willizblog.de\/index.php?rest_route=%2Fwp%2Fv2%2Fcategories&post=1515"},{"taxonomy":"post_tag","embeddable":true,"href":"https:\/\/willizblog.de\/index.php?rest_route=%2Fwp%2Fv2%2Ftags&post=1515"}],"curies":[{"name":"wp","href":"https:\/\/api.w.org\/{rel}","templated":true}]}}