{"id":152,"date":"2005-06-09T16:43:16","date_gmt":"2005-06-09T15:43:16","guid":{"rendered":"http:\/\/www.albinz.de\/blog\/?p=152"},"modified":"2012-04-20T07:55:11","modified_gmt":"2012-04-20T06:55:11","slug":"noemie-lenoir","status":"publish","type":"post","link":"https:\/\/willizblog.de\/?p=152","title":{"rendered":"Noemie Lenoir"},"content":{"rendered":"<p>Eigentlich huschte Sie nur kurz durchs Bild in dem Real-Asterix-Film mit Gerard Depardieu: das franko-afrikanische Model (u.a. L\u2019Oreal) No\u00ebmie Lenoir. Dann bin ich durch Zufall im Internet auf Bilder von ihr gesto\u00dfen und muss zugeben, fasziniert von dieser Frau zu sein. Es ist sicherlich die &#8218;Mischung&#8216;, denn der Vater ist Franzose und die Mutter stammt von einer kleinen Insel bei Madagaskar. Und die Katzenhaftigkeit!<\/p>\n<ul><img src=\"https:\/\/www.albinz.net\/models\/noemie_lenoir.jpg\" alt=\"Noemie Lenoir\" \/><\/ul>\n<p><a href=\"http:\/\/fashiongonerogue.com\/noemie-lenoir-thierry-le-goues-french-revue-de-modes-ss-2011\/\" target=\"_blank\">Modeseite Noemie Lenoir<\/a><\/p>\n<p>Eine wohl gr\u00f6\u00dfere Rolle hatte No\u00e9mie Lenoir in dem Film &#8218;<a href=\"http:\/\/www.afterthesunset.com\/\" target=\"_blank\">After the Sunset<\/a>&#8218; (USA 2004 &#8211; Regie: Brett Ratner, u.a. mit Pierce Brosnan, Salma Heyek u.a.):<\/p>\n<ul><img src=\"https:\/\/www.willizblog.de\/albpics\/after_the_sunset_noemie_lenoir.jpg\" alt=\"Noemie Lenoir in 'After the Sunset'\" \/><\/ul>\n","protected":false},"excerpt":{"rendered":"<p>Eigentlich huschte Sie nur kurz durchs Bild in dem Real-Asterix-Film mit Gerard Depardieu: das franko-afrikanische Model (u.a. L\u2019Oreal) No\u00ebmie Lenoir. Dann bin ich durch Zufall im Internet auf Bilder von ihr gesto\u00dfen und muss zugeben, fasziniert von dieser Frau zu sein. Es ist sicherlich die &#8218;Mischung&#8216;, denn der Vater ist Franzose und die Mutter stammt &hellip; <a href=\"https:\/\/willizblog.de\/?p=152\" class=\"more-link\"><span class=\"screen-reader-text\">Noemie Lenoir<\/span> weiterlesen <span class=\"meta-nav\">&rarr;<\/span><\/a><\/p>\n","protected":false},"author":1,"featured_media":0,"comment_status":"closed","ping_status":"closed","sticky":false,"template":"","format":"standard","meta":[],"categories":[13,21],"tags":[],"_links":{"self":[{"href":"https:\/\/willizblog.de\/index.php?rest_route=\/wp\/v2\/posts\/152"}],"collection":[{"href":"https:\/\/willizblog.de\/index.php?rest_route=\/wp\/v2\/posts"}],"about":[{"href":"https:\/\/willizblog.de\/index.php?rest_route=\/wp\/v2\/types\/post"}],"author":[{"embeddable":true,"href":"https:\/\/willizblog.de\/index.php?rest_route=\/wp\/v2\/users\/1"}],"replies":[{"embeddable":true,"href":"https:\/\/willizblog.de\/index.php?rest_route=%2Fwp%2Fv2%2Fcomments&post=152"}],"version-history":[{"count":0,"href":"https:\/\/willizblog.de\/index.php?rest_route=\/wp\/v2\/posts\/152\/revisions"}],"wp:attachment":[{"href":"https:\/\/willizblog.de\/index.php?rest_route=%2Fwp%2Fv2%2Fmedia&parent=152"}],"wp:term":[{"taxonomy":"category","embeddable":true,"href":"https:\/\/willizblog.de\/index.php?rest_route=%2Fwp%2Fv2%2Fcategories&post=152"},{"taxonomy":"post_tag","embeddable":true,"href":"https:\/\/willizblog.de\/index.php?rest_route=%2Fwp%2Fv2%2Ftags&post=152"}],"curies":[{"name":"wp","href":"https:\/\/api.w.org\/{rel}","templated":true}]}}