{"id":156,"date":"2005-05-27T10:55:30","date_gmt":"2005-05-27T09:55:30","guid":{"rendered":"http:\/\/www.albinz.de\/blog\/?p=156"},"modified":"2005-10-20T09:51:51","modified_gmt":"2005-10-20T07:51:51","slug":"erste-hitzewelle-des-jahres-2005","status":"publish","type":"post","link":"https:\/\/willizblog.de\/?p=156","title":{"rendered":"Erste Hitzewelle des Jahres 2005"},"content":{"rendered":"<p>F\u00fcr das fr\u00fche Sommerwetter ist ausgerechnet ein ehemaliger Tropensturm verantwortlich: Hurrikan Adrian zog vor einer Woche \u00fcber Mittelamerika. Jetzt erreicht er uns als ganz normales Tief, das Leon hei\u00dft.<\/p>\n<p>Ganz normal ist Leon allerdings auch nicht: Hervorgegangen aus dem ersten Hurrikan des Jahres bringt er uns die erste Hitzewelle des Jahres. Seine Lage vor der irischen K\u00fcste ist ideal, um in breitem Strom subtropische Warmluft nach West- und Mitteleuropa zu f\u00fchren.<\/p>\n<ul><img src=\"https:\/\/www.willizblog.de\/albpics\/tief_leon.jpg\" alt=\"Tief Leon bringt Hitzewelle\" \/><\/ul>\n<p>Tief Leon bringt subtropische W\u00e4rme<\/p>\n<p>Alles ist also klar f\u00fcr ein sonniges und hei\u00dfes Wochenende. Lokale Gewitter sind nicht auszuschlie\u00dfen, aber die geh\u00f6ren zu richtigem Sommerwetter einfach dazu. Erst am Montag erreicht uns von der Nordsee her eine Kaltfront. Sie bringt verst\u00e4rkt Schauer und Gewitter.<\/p>\n","protected":false},"excerpt":{"rendered":"<p>F\u00fcr das fr\u00fche Sommerwetter ist ausgerechnet ein ehemaliger Tropensturm verantwortlich: Hurrikan Adrian zog vor einer Woche \u00fcber Mittelamerika. Jetzt erreicht er uns als ganz normales Tief, das Leon hei\u00dft. Ganz normal ist Leon allerdings auch nicht: Hervorgegangen aus dem ersten Hurrikan des Jahres bringt er uns die erste Hitzewelle des Jahres. Seine Lage vor der &hellip; <a href=\"https:\/\/willizblog.de\/?p=156\" class=\"more-link\"><span class=\"screen-reader-text\">Erste Hitzewelle des Jahres 2005<\/span> weiterlesen <span class=\"meta-nav\">&rarr;<\/span><\/a><\/p>\n","protected":false},"author":1,"featured_media":0,"comment_status":"closed","ping_status":"closed","sticky":false,"template":"","format":"standard","meta":[],"categories":[16],"tags":[],"_links":{"self":[{"href":"https:\/\/willizblog.de\/index.php?rest_route=\/wp\/v2\/posts\/156"}],"collection":[{"href":"https:\/\/willizblog.de\/index.php?rest_route=\/wp\/v2\/posts"}],"about":[{"href":"https:\/\/willizblog.de\/index.php?rest_route=\/wp\/v2\/types\/post"}],"author":[{"embeddable":true,"href":"https:\/\/willizblog.de\/index.php?rest_route=\/wp\/v2\/users\/1"}],"replies":[{"embeddable":true,"href":"https:\/\/willizblog.de\/index.php?rest_route=%2Fwp%2Fv2%2Fcomments&post=156"}],"version-history":[{"count":0,"href":"https:\/\/willizblog.de\/index.php?rest_route=\/wp\/v2\/posts\/156\/revisions"}],"wp:attachment":[{"href":"https:\/\/willizblog.de\/index.php?rest_route=%2Fwp%2Fv2%2Fmedia&parent=156"}],"wp:term":[{"taxonomy":"category","embeddable":true,"href":"https:\/\/willizblog.de\/index.php?rest_route=%2Fwp%2Fv2%2Fcategories&post=156"},{"taxonomy":"post_tag","embeddable":true,"href":"https:\/\/willizblog.de\/index.php?rest_route=%2Fwp%2Fv2%2Ftags&post=156"}],"curies":[{"name":"wp","href":"https:\/\/api.w.org\/{rel}","templated":true}]}}