{"id":157,"date":"2005-05-30T05:12:53","date_gmt":"2005-05-30T04:12:53","guid":{"rendered":"http:\/\/www.albinz.de\/blog\/?p=157"},"modified":"2005-10-20T09:50:43","modified_gmt":"2005-10-20T07:50:43","slug":"non-in-frankreich-zur-eu-verfassung","status":"publish","type":"post","link":"https:\/\/willizblog.de\/?p=157","title":{"rendered":"Non in Frankreich zur EU-Verfassung"},"content":{"rendered":"<p>Frankreich hat die EU-Verfassung abgelehnt. 54,87 Prozent stimmten gegen den Vertrag, nur 45,13 stimmten mit Ja. Die Beteiligung in Frankreich lag immerhin bei rund 70 Prozent, was die lebhafte Debatte widerspiegelt. Das Nein gilt als Niederlage vor allem f\u00fcr Staatspr\u00e4sident Chirac, der eine rasche Regierungsumbildung in Aussicht stellte.<\/p>\n<p>Eigentlich soll die EU-Verfassung am 1. November 2006 in Kraft treten. Ihr m\u00fcssen aber alle 25 EU Mitgliedsl\u00e4nder zustimmen. Nach dem &#8222;Nein&#8220; der Franzosen liegt sie damit zumindest auf Eis. Am Mittwoch stimmen die Niederl\u00e4nder ab. Umfragen signalisieren auch hier eine Ablehnung.<\/p>\n<p>In Deutschland und bisher acht anderen EU-L\u00e4nder haben die Parlamente der Verfassung bereits zugestimmt. Au\u00dfer Deutschland votierten daf\u00fcr: Litauen, Ungarn, Slowenien, Italien, Griechenland, die Slowakei, Spanien und \u00d6sterreich. In Belgien m\u00fcssen nach den beiden Kammern des Parlament noch die f\u00fcnf Regionalparlamente zustimmen. Au\u00dferdem stehen Parlamentsentscheidungen in Estland, Finnland, Lettland, Malta, Schweden und Zypern an. Volksabstimmungen sind auch in Tschechien, Luxemburg, Polen, D\u00e4nemark, Portugal, Irland und Gro\u00dfbritannien geplant. Nicht alle Referenden sind f\u00fcr die Regierungen bindend, so etwa in den Niederlanden, Tschechien und Luxemburg.<\/p>\n<p>Was nach dem NON der Franzosen mit der EU-Verfassung geschehen wird, liegt ziemlich im Dunkeln. Wahrscheinlich feilt man am Text noch etwas, damit es f\u00fcr die Franzosen schmackhafter wird (dann w\u00e4ren die bisherigen Abstimmungen aber hinf\u00e4llig). Oder man l\u00e4sst nochmals abstimmen bzw. ignoriert das Ergebnis &#8230; Was am Ende herauskommt: Keiner wei\u00df es heute!<\/p>\n","protected":false},"excerpt":{"rendered":"<p>Frankreich hat die EU-Verfassung abgelehnt. 54,87 Prozent stimmten gegen den Vertrag, nur 45,13 stimmten mit Ja. Die Beteiligung in Frankreich lag immerhin bei rund 70 Prozent, was die lebhafte Debatte widerspiegelt. Das Nein gilt als Niederlage vor allem f\u00fcr Staatspr\u00e4sident Chirac, der eine rasche Regierungsumbildung in Aussicht stellte. Eigentlich soll die EU-Verfassung am 1. November &hellip; <a href=\"https:\/\/willizblog.de\/?p=157\" class=\"more-link\"><span class=\"screen-reader-text\">Non in Frankreich zur EU-Verfassung<\/span> weiterlesen <span class=\"meta-nav\">&rarr;<\/span><\/a><\/p>\n","protected":false},"author":1,"featured_media":0,"comment_status":"closed","ping_status":"closed","sticky":false,"template":"","format":"standard","meta":[],"categories":[12],"tags":[],"_links":{"self":[{"href":"https:\/\/willizblog.de\/index.php?rest_route=\/wp\/v2\/posts\/157"}],"collection":[{"href":"https:\/\/willizblog.de\/index.php?rest_route=\/wp\/v2\/posts"}],"about":[{"href":"https:\/\/willizblog.de\/index.php?rest_route=\/wp\/v2\/types\/post"}],"author":[{"embeddable":true,"href":"https:\/\/willizblog.de\/index.php?rest_route=\/wp\/v2\/users\/1"}],"replies":[{"embeddable":true,"href":"https:\/\/willizblog.de\/index.php?rest_route=%2Fwp%2Fv2%2Fcomments&post=157"}],"version-history":[{"count":0,"href":"https:\/\/willizblog.de\/index.php?rest_route=\/wp\/v2\/posts\/157\/revisions"}],"wp:attachment":[{"href":"https:\/\/willizblog.de\/index.php?rest_route=%2Fwp%2Fv2%2Fmedia&parent=157"}],"wp:term":[{"taxonomy":"category","embeddable":true,"href":"https:\/\/willizblog.de\/index.php?rest_route=%2Fwp%2Fv2%2Fcategories&post=157"},{"taxonomy":"post_tag","embeddable":true,"href":"https:\/\/willizblog.de\/index.php?rest_route=%2Fwp%2Fv2%2Ftags&post=157"}],"curies":[{"name":"wp","href":"https:\/\/api.w.org\/{rel}","templated":true}]}}