{"id":160,"date":"2005-05-31T15:32:21","date_gmt":"2005-05-31T14:32:21","guid":{"rendered":"http:\/\/www.albinz.de\/blog\/?p=160"},"modified":"2011-02-28T11:55:43","modified_gmt":"2011-02-28T10:55:43","slug":"was-auf-deutschland-zukommt","status":"publish","type":"post","link":"https:\/\/willizblog.de\/?p=160","title":{"rendered":"Was auf Deutschland zukommt"},"content":{"rendered":"<p>Leider wissen die meisten wahlberechtigten B\u00fcrger in Deutschland nicht, was auf sie zukommen wird, wenn sie demn\u00e4chst zu den Wahlurnen schreiten, um einen neuen Bundestag zu w\u00e4hlen. Schlimmer kann es nicht werden, klar doch: Mit Merkel (und Stoiber, Koch &#038; Co.) kann es nur besser werden. Fragt sich nur, f\u00fcr wen?<\/p>\n<p>Ich habe mir einmal die Websites der CDU\/CSU-Gr\u00f6\u00dfen angeguckt. Ist schon ganz witzig. So l\u00e4sst <a href=\"http:\/\/www.stoiber.de\/\" target=\"_blank\">Herr Stoiber<\/a> beim Start seiner Seite ein Pop-Up-Fenster \u00f6ffnen, die beweist, zu welch grammatikalischen Kunstst\u00fccken er f\u00e4hig ist (jetzt zu lesen \u00fcber Stoibers Website unter &#8218;Aktuelles&#8216; vom 23.05.2005):<\/p>\n<p><em>&#8222;Denn schlie\u00dflich sei jeder Tag ohne Rot-Gr\u00fcn ist ein guter Tag f\u00fcr Deutschland.&#8220;<\/em><br \/>\nAber sein Motto ist ja auch: &#8222;Handeln statt reden&#8220;.<\/p>\n<p><a href=\"http:\/\/www.angela-merkel.de\/\" target=\"_blank\">Angela Merkel<\/a> hat einige Jugendfotos hervorgekramt.<\/p>\n<p>Beim <a href=\"http:\/\/www.ole-von-beust.de\/ \" target=\"_blank\">Ole von Beust<\/a> wird man gleich auf eine Seite der CDU Hamburg umbeleitet, auf der er sich weiterhin f\u00fcr den gro\u00dfen Vertrauensbeweis zur B\u00fcrgermeisterwahl 2004 gedankt (eigentlich sollte es B\u00fcrgerschaftswahl hei\u00dfen). Ole, ganz toll.<\/p>\n<p>Und auch <a href=\"http:\/\/ruettgers.cdu-nrw.de\/\" target=\"_blank\">J\u00fcrgen R\u00fcttgers<\/a>, der designierte Ministerpr\u00e4sident von NRW, hat es mit &#8222;neuer Kraft&#8220; und &#8222;neuen Ideen&#8220; zu einer neuen Website gebracht.<\/p>\n<p><a href=\"http:\/\/www.guenther-oettinger.de\/\" target=\"_blank\">G\u00fcnther Oettinger<\/a> hat seine Website auch noch nicht so ganz im Griff. Auf der Startseite steht in der Titelleiste noch <em>Willkommen bei G\u00fcnther H. Oettinger MdL<\/em>, zum Ministerpr\u00e4sidenten von Baden-W\u00fcrttemberg reicht es noch nicht.<\/p>\n<p><a href=\"http:\/\/www.peter-harry.de\/\" target=\"_blank\">Peter Harry Carstensen<\/a> ist auf seiner Site auch noch &#8217;nur&#8216; ein Spitzenkandidat: wirklich spitze!<\/p>\n<p>Hier noch die weiteren Websites zur allgemeinen Belustigung empfohlen:<\/p>\n<p>Ministerpr\u00e4sident Hessen <a href=\"http:\/\/www.roland-koch.de\/\" target=\"_blank\">Roland Koch<\/a><br \/>\nMinisterpr\u00e4sident Niedersachsen <a href=\"http:\/\/www.christian-wulff.de\/\" target=\"_blank\">Christian Wulff<\/a><br \/>\nMinisterpr\u00e4sident Saarland <a href=\"http:\/\/www.peter-mueller.de\/\" target=\"_blank\">Peter M\u00fcller<\/a><\/p>\n<p>Zuletzt noch eine sch\u00f6ne Seite mit den <a href=\"http:\/\/homepages.compuserve.de\/mkmuenster\/martinweb\/stoiberzitate.htm\" target=\"_blank\">besten Stoiber-Spr\u00fcche<\/a>. Da merkt man endlich, woher der Wind weht (aus dem Ars..).<\/p>\n<ul><img src=\"https:\/\/www.willizblog.de\/albpics\/stoiber.jpg\" alt=\"Edmund, der gestoibte\" \/><\/ul>\n","protected":false},"excerpt":{"rendered":"<p>Leider wissen die meisten wahlberechtigten B\u00fcrger in Deutschland nicht, was auf sie zukommen wird, wenn sie demn\u00e4chst zu den Wahlurnen schreiten, um einen neuen Bundestag zu w\u00e4hlen. Schlimmer kann es nicht werden, klar doch: Mit Merkel (und Stoiber, Koch &#038; Co.) kann es nur besser werden. Fragt sich nur, f\u00fcr wen? Ich habe mir einmal &hellip; <a href=\"https:\/\/willizblog.de\/?p=160\" class=\"more-link\"><span class=\"screen-reader-text\">Was auf Deutschland zukommt<\/span> weiterlesen <span class=\"meta-nav\">&rarr;<\/span><\/a><\/p>\n","protected":false},"author":1,"featured_media":0,"comment_status":"closed","ping_status":"closed","sticky":false,"template":"","format":"standard","meta":[],"categories":[29],"tags":[],"_links":{"self":[{"href":"https:\/\/willizblog.de\/index.php?rest_route=\/wp\/v2\/posts\/160"}],"collection":[{"href":"https:\/\/willizblog.de\/index.php?rest_route=\/wp\/v2\/posts"}],"about":[{"href":"https:\/\/willizblog.de\/index.php?rest_route=\/wp\/v2\/types\/post"}],"author":[{"embeddable":true,"href":"https:\/\/willizblog.de\/index.php?rest_route=\/wp\/v2\/users\/1"}],"replies":[{"embeddable":true,"href":"https:\/\/willizblog.de\/index.php?rest_route=%2Fwp%2Fv2%2Fcomments&post=160"}],"version-history":[{"count":0,"href":"https:\/\/willizblog.de\/index.php?rest_route=\/wp\/v2\/posts\/160\/revisions"}],"wp:attachment":[{"href":"https:\/\/willizblog.de\/index.php?rest_route=%2Fwp%2Fv2%2Fmedia&parent=160"}],"wp:term":[{"taxonomy":"category","embeddable":true,"href":"https:\/\/willizblog.de\/index.php?rest_route=%2Fwp%2Fv2%2Fcategories&post=160"},{"taxonomy":"post_tag","embeddable":true,"href":"https:\/\/willizblog.de\/index.php?rest_route=%2Fwp%2Fv2%2Ftags&post=160"}],"curies":[{"name":"wp","href":"https:\/\/api.w.org\/{rel}","templated":true}]}}