{"id":1611,"date":"2009-04-10T00:01:04","date_gmt":"2009-04-09T22:01:04","guid":{"rendered":"http:\/\/www.willizblog.de\/?p=1611"},"modified":"2011-02-28T10:38:45","modified_gmt":"2011-02-28T09:38:45","slug":"rose-auslander-die-baume","status":"publish","type":"post","link":"https:\/\/willizblog.de\/?p=1611","title":{"rendered":"Rose Ausl\u00e4nder: Die B\u00e4ume"},"content":{"rendered":"<table border=\"0\" cellpadding=\"8\" cellspacing=\"0\" width=\"100%\">\n<tr>\n<td width=\"100%\"><font face=\"Lucida Grande, Lucida Sans Unicode, Verdana, sans-serif\" size=\"2\" color=\"#5F6B15\">Immer sind es B\u00e4ume<br \/>\ndie mich verzaubern<br \/>\nAus ihrem Wurzelwerk sch\u00f6pfe ich<br \/>\ndie Kraft f\u00fcr mein Lied<\/font><\/td>\n<\/tr>\n<tr>\n<td width=\"100%\"><font face=\"Lucida Grande, Lucida Sans Unicode, Verdana, sans-serif\" size=\"2\" color=\"#5F6B15\">Ihr Laub fl\u00fcstert mir<br \/>\ngr\u00fcne Geschichten<\/font><\/td>\n<\/tr>\n<tr>\n<td width=\"100%\"><font face=\"Lucida Grande, Lucida Sans Unicode, Verdana, sans-serif\" size=\"2\" color=\"#5F6B15\">Jeder Baum ein Gebet<br \/>\ndas den Himmel beschw\u00f6rt;<\/font><\/td>\n<\/tr>\n<tr>\n<td width=\"100%\"><font face=\"Lucida Grande, Lucida Sans Unicode, Verdana, sans-serif\" size=\"2\" color=\"#5F6B15\">Gr\u00fcn die Farbe der Gnade<br \/>\nGr\u00fcn die Farbe des Gl\u00fccks<\/font><\/td>\n<\/tr>\n<tr>\n<td width=\"100%\"><b><a href=\" https:\/\/de.wikipedia.org\/wiki\/Rose_Ausl%C3%A4nder\" target=\"_blank\"><font face=\"Lucida Grande, Lucida Sans Unicode, Verdana, sans-serif\" size=\"2\" color=\"#778560\">Rose Ausl\u00e4nder<\/font><\/a><font face=\"Lucida Grande, Lucida Sans Unicode, Verdana, sans-serif\" size=\"2\" color=\"#5F6B15\"> \u2013 Die B\u00e4ume<\/font><\/b><\/td>\n<\/tr>\n<\/table>\n","protected":false},"excerpt":{"rendered":"<p>Immer sind es B\u00e4ume die mich verzaubern Aus ihrem Wurzelwerk sch\u00f6pfe ich die Kraft f\u00fcr mein Lied Ihr Laub fl\u00fcstert mir gr\u00fcne Geschichten Jeder Baum ein Gebet das den Himmel beschw\u00f6rt; Gr\u00fcn die Farbe der Gnade Gr\u00fcn die Farbe des Gl\u00fccks Rose Ausl\u00e4nder \u2013 Die B\u00e4ume<\/p>\n","protected":false},"author":1,"featured_media":0,"comment_status":"open","ping_status":"closed","sticky":false,"template":"","format":"standard","meta":[],"categories":[14],"tags":[],"_links":{"self":[{"href":"https:\/\/willizblog.de\/index.php?rest_route=\/wp\/v2\/posts\/1611"}],"collection":[{"href":"https:\/\/willizblog.de\/index.php?rest_route=\/wp\/v2\/posts"}],"about":[{"href":"https:\/\/willizblog.de\/index.php?rest_route=\/wp\/v2\/types\/post"}],"author":[{"embeddable":true,"href":"https:\/\/willizblog.de\/index.php?rest_route=\/wp\/v2\/users\/1"}],"replies":[{"embeddable":true,"href":"https:\/\/willizblog.de\/index.php?rest_route=%2Fwp%2Fv2%2Fcomments&post=1611"}],"version-history":[{"count":0,"href":"https:\/\/willizblog.de\/index.php?rest_route=\/wp\/v2\/posts\/1611\/revisions"}],"wp:attachment":[{"href":"https:\/\/willizblog.de\/index.php?rest_route=%2Fwp%2Fv2%2Fmedia&parent=1611"}],"wp:term":[{"taxonomy":"category","embeddable":true,"href":"https:\/\/willizblog.de\/index.php?rest_route=%2Fwp%2Fv2%2Fcategories&post=1611"},{"taxonomy":"post_tag","embeddable":true,"href":"https:\/\/willizblog.de\/index.php?rest_route=%2Fwp%2Fv2%2Ftags&post=1611"}],"curies":[{"name":"wp","href":"https:\/\/api.w.org\/{rel}","templated":true}]}}