{"id":1623,"date":"2009-04-13T00:02:40","date_gmt":"2009-04-12T22:02:40","guid":{"rendered":"http:\/\/www.willizblog.de\/?p=1623"},"modified":"2009-04-12T18:23:41","modified_gmt":"2009-04-12T16:23:41","slug":"blumenpracht-teil-21","status":"publish","type":"post","link":"https:\/\/willizblog.de\/?p=1623","title":{"rendered":"Blumenpracht Teil 21"},"content":{"rendered":"<p>Dieses Jahr Ostern werden wir von der Sonne verw\u00f6hnt. Und im Sonnenschein bl\u00fchen auch die Blumen im Garten voll auf. Das Sonnenwetter soll noch einige Tage anhalten. So k\u00f6nnen wir die wenigen verbleibenden Tage Urlaub und Ferien genie\u00dfen.<\/p>\n<table border=\"0\" cellpadding=\"5\" cellspacing=\"0\" width=\"100%\">\n<tr>\n<td width=\"50%\">\n<p align=\"center\"><img loading=\"lazy\" border=\"0\" src=\"https:\/\/www.willizblog.de\/blogpicts\/blumen2009_04_01.jpg\" alt=\"Ostern 2009: Blumenpracht in AlbinZ Garten\" width=\"270\" height=\"203\"><\/td>\n<td width=\"50%\">\n<p align=\"center\"><img loading=\"lazy\" border=\"0\" src=\"https:\/\/www.willizblog.de\/blogpicts\/blumen2009_04_02.jpg\" alt=\"Ostern 2009: Blumenpracht in AlbinZ Garten\" width=\"270\" height=\"203\"><\/td>\n<\/tr>\n<tr>\n<td width=\"50%\" colspan=\"2\">\n<p align=\"center\"><font face=\"Lucida Grande, Lucida Sans Unicode, Verdana, sans-serif\" size=\"2\">Ostern 2009: Blumenpracht in AlbinZ Garten<\/font><\/td>\n<\/tr>\n<tr>\n<td width=\"50%\">\n<p align=\"center\"><img loading=\"lazy\" border=\"0\" src=\"https:\/\/www.willizblog.de\/blogpicts\/blumen2009_04_03.jpg\" alt=\"Ostern 2009: Blumenpracht in AlbinZ Garten\" width=\"270\" height=\"203\"><\/td>\n<td width=\"50%\">\n<p align=\"center\"><img loading=\"lazy\" border=\"0\" src=\"https:\/\/www.willizblog.de\/blogpicts\/blumen2009_04_04.jpg\" alt=\"Ostern 2009: Blumenpracht in AlbinZ Garten\" width=\"270\" height=\"203\"><\/td>\n<\/tr>\n<tr>\n<td width=\"50%\">\n<p align=\"center\"><img loading=\"lazy\" border=\"0\" src=\"https:\/\/www.willizblog.de\/blogpicts\/blumen2009_04_05.jpg\" alt=\"Ostern 2009: Blumenpracht in AlbinZ Garten\" width=\"270\" height=\"203\"><\/td>\n<td width=\"50%\">\n<p align=\"center\"><img loading=\"lazy\" border=\"0\" src=\"https:\/\/www.willizblog.de\/blogpicts\/blumen2009_04_06.jpg\" alt=\"Ostern 2009: Blumenpracht in AlbinZ Garten\" width=\"270\" height=\"203\"><\/td>\n<\/tr>\n<\/table>\n","protected":false},"excerpt":{"rendered":"<p>Dieses Jahr Ostern werden wir von der Sonne verw\u00f6hnt. Und im Sonnenschein bl\u00fchen auch die Blumen im Garten voll auf. Das Sonnenwetter soll noch einige Tage anhalten. So k\u00f6nnen wir die wenigen verbleibenden Tage Urlaub und Ferien genie\u00dfen. Ostern 2009: Blumenpracht in AlbinZ Garten<\/p>\n","protected":false},"author":1,"featured_media":0,"comment_status":"open","ping_status":"closed","sticky":false,"template":"","format":"standard","meta":[],"categories":[16],"tags":[],"_links":{"self":[{"href":"https:\/\/willizblog.de\/index.php?rest_route=\/wp\/v2\/posts\/1623"}],"collection":[{"href":"https:\/\/willizblog.de\/index.php?rest_route=\/wp\/v2\/posts"}],"about":[{"href":"https:\/\/willizblog.de\/index.php?rest_route=\/wp\/v2\/types\/post"}],"author":[{"embeddable":true,"href":"https:\/\/willizblog.de\/index.php?rest_route=\/wp\/v2\/users\/1"}],"replies":[{"embeddable":true,"href":"https:\/\/willizblog.de\/index.php?rest_route=%2Fwp%2Fv2%2Fcomments&post=1623"}],"version-history":[{"count":0,"href":"https:\/\/willizblog.de\/index.php?rest_route=\/wp\/v2\/posts\/1623\/revisions"}],"wp:attachment":[{"href":"https:\/\/willizblog.de\/index.php?rest_route=%2Fwp%2Fv2%2Fmedia&parent=1623"}],"wp:term":[{"taxonomy":"category","embeddable":true,"href":"https:\/\/willizblog.de\/index.php?rest_route=%2Fwp%2Fv2%2Fcategories&post=1623"},{"taxonomy":"post_tag","embeddable":true,"href":"https:\/\/willizblog.de\/index.php?rest_route=%2Fwp%2Fv2%2Ftags&post=1623"}],"curies":[{"name":"wp","href":"https:\/\/api.w.org\/{rel}","templated":true}]}}