{"id":163,"date":"2005-06-03T06:25:00","date_gmt":"2005-06-03T05:25:00","guid":{"rendered":"http:\/\/www.albinz.de\/blog\/?p=163"},"modified":"2005-10-20T09:38:22","modified_gmt":"2005-10-20T07:38:22","slug":"900-jahre-tostedt-mittelalterliche-hochzeit","status":"publish","type":"post","link":"https:\/\/willizblog.de\/?p=163","title":{"rendered":"900 Jahre Tostedt: Mittelalterliche Hochzeit"},"content":{"rendered":"<p>Heute findet in der Zeit von 15 bis 18 Uhr im Gymnasium Tostedt der allj\u00e4hrliche &#8218;Tag der offenen T\u00fcr&#8216; statt. Anl\u00e4sslich des 900-j\u00e4hrigen Jubil\u00e4ums der Gemeinde Tostedt hat die Schule in den Tagen vom 30. Mai bis zum 3. Juni eine Projektwoche zum Thema &#8222;900 Jahre Tostedt&#8220; durchgef\u00fchrt. Die Ergebnisse dieser Projektwoche werden an diesem Tag den G\u00e4sten vorgestellt.<\/p>\n<p>Ein Thema war: <strong>Eine mittelalterliche Hochzeit<\/strong><\/p>\n<p>Das werte Brautpaar samt der geladenen G\u00e4ste machte sich generalprobenm\u00e4\u00dfig am gestrigen Tage samt Kutsche (oder per pedes) auf den Weg in die nicht ganz mittelalterliche Johannes-Kirche zu Tostedt, um besagtes Fest im angemessenen Rahmen zu feiern:<\/p>\n<p><img src=\"https:\/\/www.willizblog.de\/albpics\/mittelalt_hochzeit1.jpg\" alt=\"Mittelalterliche Hochzeit zu Tostedt 1\" \/>  <img src=\"https:\/\/www.willizblog.de\/albpics\/mittelalt_hochzeit2.jpg\" alt=\"Mittelalterliche Hochzeit zu Tostedt 2\" \/><\/p>\n<p><font color=\"#FFFFFF\">&#8230;&#8230;&#8230;&#8230;&#8230;&#8230;&#8230;&#8230;&#8230;<\/font><img src=\"https:\/\/www.willizblog.de\/albpics\/mittelalt_hochzeit3.jpg\" alt=\"Mittelalterliche Hochzeit zu Tostedt 3\" \/><\/p>\n<p><img src=\"https:\/\/www.willizblog.de\/albpics\/mittelalt_hochzeit4.jpg\" alt=\"Mittelalterliche Hochzeit zu Tostedt 4\" \/>  <img src=\"https:\/\/www.willizblog.de\/albpics\/mittelalt_hochzeit6.jpg\" alt=\"Mittelalterliche Hochzeit zu Tostedt 6\" \/><\/p>\n<p><img src=\"https:\/\/www.willizblog.de\/albpics\/mittelalt_hochzeit7.jpg\" alt=\"Mittelalterliche Hochzeit zu Tostedt 7\" \/>  <img src=\"https:\/\/www.willizblog.de\/albpics\/mittelalt_hochzeit5.jpg\" alt=\"Mittelalterliche Hochzeit zu Tostedt 5\" \/><\/p>\n","protected":false},"excerpt":{"rendered":"<p>Heute findet in der Zeit von 15 bis 18 Uhr im Gymnasium Tostedt der allj\u00e4hrliche &#8218;Tag der offenen T\u00fcr&#8216; statt. Anl\u00e4sslich des 900-j\u00e4hrigen Jubil\u00e4ums der Gemeinde Tostedt hat die Schule in den Tagen vom 30. Mai bis zum 3. Juni eine Projektwoche zum Thema &#8222;900 Jahre Tostedt&#8220; durchgef\u00fchrt. Die Ergebnisse dieser Projektwoche werden an diesem &hellip; <a href=\"https:\/\/willizblog.de\/?p=163\" class=\"more-link\"><span class=\"screen-reader-text\">900 Jahre Tostedt: Mittelalterliche Hochzeit<\/span> weiterlesen <span class=\"meta-nav\">&rarr;<\/span><\/a><\/p>\n","protected":false},"author":1,"featured_media":0,"comment_status":"closed","ping_status":"closed","sticky":false,"template":"","format":"standard","meta":[],"categories":[11],"tags":[],"_links":{"self":[{"href":"https:\/\/willizblog.de\/index.php?rest_route=\/wp\/v2\/posts\/163"}],"collection":[{"href":"https:\/\/willizblog.de\/index.php?rest_route=\/wp\/v2\/posts"}],"about":[{"href":"https:\/\/willizblog.de\/index.php?rest_route=\/wp\/v2\/types\/post"}],"author":[{"embeddable":true,"href":"https:\/\/willizblog.de\/index.php?rest_route=\/wp\/v2\/users\/1"}],"replies":[{"embeddable":true,"href":"https:\/\/willizblog.de\/index.php?rest_route=%2Fwp%2Fv2%2Fcomments&post=163"}],"version-history":[{"count":0,"href":"https:\/\/willizblog.de\/index.php?rest_route=\/wp\/v2\/posts\/163\/revisions"}],"wp:attachment":[{"href":"https:\/\/willizblog.de\/index.php?rest_route=%2Fwp%2Fv2%2Fmedia&parent=163"}],"wp:term":[{"taxonomy":"category","embeddable":true,"href":"https:\/\/willizblog.de\/index.php?rest_route=%2Fwp%2Fv2%2Fcategories&post=163"},{"taxonomy":"post_tag","embeddable":true,"href":"https:\/\/willizblog.de\/index.php?rest_route=%2Fwp%2Fv2%2Ftags&post=163"}],"curies":[{"name":"wp","href":"https:\/\/api.w.org\/{rel}","templated":true}]}}