{"id":1637,"date":"2009-04-19T19:49:22","date_gmt":"2009-04-19T17:49:22","guid":{"rendered":"http:\/\/www.willizblog.de\/?p=1637"},"modified":"2011-02-28T10:49:41","modified_gmt":"2011-02-28T09:49:41","slug":"dauerduell-hsv-%e2%80%93-werder-bremen-%e2%80%93-und-mehr","status":"publish","type":"post","link":"https:\/\/willizblog.de\/?p=1637","title":{"rendered":"Dauerduell HSV \u2013 Werder Bremen \u2013 und mehr"},"content":{"rendered":"<p>Wohin steuert der deutsche Fu\u00dfball? In der <a href=\"http:\/\/de.fifa.com\/worldfootball\/ranking\/lastranking\/gender=m\/fullranking.html\" target=\"_blank\">FIFA-Weltrangliste<\/a> konnte das deutsche Nationalteam auch im April die zweite Position behaupten. Nur die Spanier liegen Lichtjahre entfernt an der Spitze. Aber so toll ist es nicht, was die deutsche Mannschaft zuletzt in den Qualifikationsspielen zur WM geleistet hat (von den Niederlagen in den Testspielen zuvor ganz zu schweigen). <a href=\"http:\/\/fussball.zdf.de\/ZDFsport\/inhalt\/31\/0,5676,7536959,00.html\" target=\"_blank\">Bundestrainer L\u00f6w wei\u00df nat\u00fcrlich genau<\/a>, woran das liegt: Die Jungs sind einfach zu langsam. In der Bundesliga wird einfach nicht schnell genug gespielt. Dem kann nat\u00fcrlich <a href=\"http:\/\/fussball.zdf.de\/ZDFsport\/inhalt\/19\/0,5676,7540179,00.html\" target=\"_blank\">Bayern-Boss Uli Hoene\u00df<\/a> nur Kontra geben: &#8222;In England wurde fr\u00fcher auch schneller gespielt als in Deutschland &#8211; und trotzdem haben wir gegen die \u00f6fter mal gewonnen.\u201c Uli muss es wissen \u2013 aus seiner Zeit als Aktiver.<\/p>\n<p>Auch sonst gibt es unter L\u00f6ws Regentschaft immer wieder verbale und dann auch k\u00f6rperliche Auseinandersetzungen bis hin zu der <a href=\"http:\/\/www.zdf.de\/ZDFmediathek\/content\/727702?inPopup=true\" target=\"_blank\">Watsch\u2019n von Polli \u201eda haut der Lukas\u201c Podolski<\/a> gegen seinen Mannschaftskapit\u00e4n, Balle Ballack. <a href=\"http:\/\/fussball.zdf.de\/ZDFsport\/inhalt\/29\/0,5676,7553981,00.html\" target=\"_blank\">L\u00f6w ist daraufhin nat\u00fcrlich in Rage<\/a>: \u201ePodolskis Kredit ist aufgebracht\u201c. Muss wenig Kredit gewesen sein, wenn Podolski \u201esich bisher bei uns immer tadellos verhalten hat\u201c.<\/p>\n<p>Also die Bundesliga ist schuld. Und wie sieht es dort aus? Von Werders Aufenthalt im Liga-Mittelfeld will ich lieber schweigen (die heutige Niederlage &#8211; bei Hertha BSC Berlin &#8211; war wieder nicht n\u00f6tig). Da gibt es ein munteres Ringelreihen an der Tabellenspitze. Und wie der Aufsteiger 1899 Hoffenheim, der Herbstmeister wurde, wird nun auch die Hertha aus Berlin nach Wochen der Tabellenf\u00fchrung wieder \u201anach unten durchgereicht\u2019. Bleiben jetzt der VFL Wolfsburg, die Bayern und der HSV als potentielle Titelanw\u00e4rter \u00fcbrig. Der HSV spielt dabei am \u201eeffektivsten\u201c. Tabellendritter mir einem Torverh\u00e4ltnis von zz. 42:38 zu sein (also plus 4 \u2013 Werder als Tabellenzehnter kommt mit 52:39 immerhin auf plus 13), kommt nicht alle Jahre vor. Die Bayern sind zwar noch im Spiel, aber unter Klinsmann l\u00e4uft es nicht so wie gew\u00fcnscht. Lange wird er sich wohl nicht mehr als Trainer halten. Sein Konzept (wenn es denn eines war) ist in M\u00fcnchen gescheitert. <a href=\"http:\/\/www.zdf.de\/ZDFmediathek\/content\/733108?inPopup=true\" target=\"_blank\">\u201eM\u00f6gliche Nachfolger\u201c<\/a> werden schon gehandelt. Eine Mannschaft, die \u00f6fter solche \u201eKlatschen\u201c bekommt wie die Bayern (u.a. zu Hause 2:5 gegen Werder, dann vor kurzem das dem\u00fctigende 1:5 in Wolfsburg), hat es nicht verdient, Meister zu werden. Bleibt also der <a href=\"http:\/\/fussball.zdf.de\/ZDFsport\/inhalt\/14\/0,5676,7555726,00.html\" target=\"_blank\">VFL aus Wolfsburg<\/a>. Die geben sich weiterhin bescheiden \u2013 und haben zudem auch das n\u00f6tige Gl\u00fcck, das man zum Meisterwerden braucht. Meine Meinung: die W\u00f6lfe packen es.<\/p>\n<p>International sieht es gar nicht so schlecht aus. Okay, die Bayern haben <a href=\"http:\/\/fussball.zdf.de\/ZDFsport\/inhalt\/22\/0,5676,7553942,00.html\" target=\"_blank\">in Barcelona eine \u201edicke Packung\u201c<\/a> bekommen (\u201edie Schande vom Nou Camp\u201c), aber immerhin hatten sie es unter die besten acht Mannschaften in Europa gebracht. Und im UEFA-Pokal gibt es mit Werder und dem HSV gleich zwei deutsche Vertreter im Halbfinale \u2013 und da beide gegeneinander antreten m\u00fcssen, so ist eine deutsche Mannschaft auch im Finale.<\/p>\n<p><img src=\"https:\/\/www.willizblog.de\/blogpicts\/werder0809_uefa_udine.jpg\" alt=\"Werders Spieler nach dem Spiel in Udine - 3:3\" \/><\/p>\n<p>\u00dcberhaupt Werder gegen den HSV. Das wird ab Mittwoch f\u00fcr 19 Tage zum Dauerbrenner. Denn beide Mannschaften treffen sich nicht nur im UEFA-Cup-Halbfinale sondern eben am Mittwoch bereits im Halbfinale des DFB-Pokals. Den Abschluss macht dann das Spiel der beiden am 10. Mai in der Bundesliga. Vier Mal gegeneinander in 19 Tagen; wer das als \u201etoll\u201c oder \u201egl\u00fccklich\u201c empfindet, hat eine Macke. Werder muss sich \u201adranhalten\u2019, wenn die Mannschaft auch in der n\u00e4chsten Saison international vertreten sein will. Einer der beiden Cups muss so in die Vitrine im Vereinslokal wandern.<\/p>\n","protected":false},"excerpt":{"rendered":"<p>Wohin steuert der deutsche Fu\u00dfball? In der FIFA-Weltrangliste konnte das deutsche Nationalteam auch im April die zweite Position behaupten. Nur die Spanier liegen Lichtjahre entfernt an der Spitze. Aber so toll ist es nicht, was die deutsche Mannschaft zuletzt in den Qualifikationsspielen zur WM geleistet hat (von den Niederlagen in den Testspielen zuvor ganz zu &hellip; <a href=\"https:\/\/willizblog.de\/?p=1637\" class=\"more-link\"><span class=\"screen-reader-text\">Dauerduell HSV \u2013 Werder Bremen \u2013 und mehr<\/span> weiterlesen <span class=\"meta-nav\">&rarr;<\/span><\/a><\/p>\n","protected":false},"author":1,"featured_media":0,"comment_status":"open","ping_status":"closed","sticky":false,"template":"","format":"standard","meta":[],"categories":[27],"tags":[],"_links":{"self":[{"href":"https:\/\/willizblog.de\/index.php?rest_route=\/wp\/v2\/posts\/1637"}],"collection":[{"href":"https:\/\/willizblog.de\/index.php?rest_route=\/wp\/v2\/posts"}],"about":[{"href":"https:\/\/willizblog.de\/index.php?rest_route=\/wp\/v2\/types\/post"}],"author":[{"embeddable":true,"href":"https:\/\/willizblog.de\/index.php?rest_route=\/wp\/v2\/users\/1"}],"replies":[{"embeddable":true,"href":"https:\/\/willizblog.de\/index.php?rest_route=%2Fwp%2Fv2%2Fcomments&post=1637"}],"version-history":[{"count":0,"href":"https:\/\/willizblog.de\/index.php?rest_route=\/wp\/v2\/posts\/1637\/revisions"}],"wp:attachment":[{"href":"https:\/\/willizblog.de\/index.php?rest_route=%2Fwp%2Fv2%2Fmedia&parent=1637"}],"wp:term":[{"taxonomy":"category","embeddable":true,"href":"https:\/\/willizblog.de\/index.php?rest_route=%2Fwp%2Fv2%2Fcategories&post=1637"},{"taxonomy":"post_tag","embeddable":true,"href":"https:\/\/willizblog.de\/index.php?rest_route=%2Fwp%2Fv2%2Ftags&post=1637"}],"curies":[{"name":"wp","href":"https:\/\/api.w.org\/{rel}","templated":true}]}}