{"id":165,"date":"2005-06-06T00:01:00","date_gmt":"2005-06-05T23:01:00","guid":{"rendered":"http:\/\/www.albinz.de\/blog\/?p=165"},"modified":"2005-10-20T09:37:32","modified_gmt":"2005-10-20T07:37:32","slug":"tostedt-wird-900-jahre-alt-festwoche","status":"publish","type":"post","link":"https:\/\/willizblog.de\/?p=165","title":{"rendered":"Tostedt wird 900 Jahre alt: Festwoche"},"content":{"rendered":"<p>Tostedt feiert in dieser Woche (4. &#8211; 12. Juni 2005) den 900. Jahrestag seines Bestehens. Am Samstag, den 11. Juni, findet ab 14 Uhr der gro\u00dfe Festumzug durch Tostedt statt, an dem sich Vereine u.\u00e4. beteiligen.<\/p>\n<ul><img src=\"https:\/\/www.albinz.net\/models\/900_jahre_tostedt.gif\" alt=\"900 Jahre Tostedt\" \/><\/ul>\n<p>Ein besonderes Highlight in der Festwoche wird der historische Markt am Sonntag, dem 12.06.2005 sein. Der historische Handwerkermarkt findet auf dem Festplatz &#8222;Schule Dieckhofstra\u00dfe&#8220; statt. Auch in der historischen Dieckhofschule sind Handwerker zu finden. Traditionelles Kunstwerk und alte Handwerkskunst wird vorgef\u00fchrt. Korbflechter, Schriftsetzer, Schmied, Drechsler, Stuhlbinder und T\u00f6pfer zeigen ihr K\u00f6nnen. In der Dieckhofschule wird gewebt, gesponnen und gefilzt. Die Tostedter Landfrauen kochen unter dem Motto &#8222;So kochte man vor 100 Jahren&#8220;.<\/p>\n<p>Auch f\u00fcr die Kinder sollen bei der Jubil\u00e4umsveranstaltung nicht zu kurz kommen. Ein buntes Kinderfest ist f\u00fcr die Kleinen geplant. Dazu geh\u00f6ren ein Zirkus, historische Kinderspiele und eine Kinder Spielwiese.<\/p>\n<p>Auf dem Platz &#8222;Am Sande&#8220; wird ein Antikmarkt seine Pforten \u00f6ffnen. Auf einer B\u00fchne werden musikalische und t\u00e4nzerische Darbietungen geboten. Eine historische Postkutsche bietet Fahrten von der alten Posthalterstation durch den Ort an. Interessierte f\u00fcr den Antikmarkt k\u00f6nnen sich noch gerne bei Frau Ute Oltzen, Telefon: 04182\/298-140, telefonisch anmelden.<\/p>\n<p><a href=\"http:\/\/www.tostedt.de\/content\/downloads\/Festwoche%20Kalender_27-04-2005_16-43-44.pdf\" target=\"_blank\">Programm der Festwoche<\/a> als PDF-Datei<\/p>\n","protected":false},"excerpt":{"rendered":"<p>Tostedt feiert in dieser Woche (4. &#8211; 12. Juni 2005) den 900. Jahrestag seines Bestehens. Am Samstag, den 11. Juni, findet ab 14 Uhr der gro\u00dfe Festumzug durch Tostedt statt, an dem sich Vereine u.\u00e4. beteiligen. Ein besonderes Highlight in der Festwoche wird der historische Markt am Sonntag, dem 12.06.2005 sein. Der historische Handwerkermarkt findet &hellip; <a href=\"https:\/\/willizblog.de\/?p=165\" class=\"more-link\"><span class=\"screen-reader-text\">Tostedt wird 900 Jahre alt: Festwoche<\/span> weiterlesen <span class=\"meta-nav\">&rarr;<\/span><\/a><\/p>\n","protected":false},"author":1,"featured_media":0,"comment_status":"closed","ping_status":"closed","sticky":false,"template":"","format":"standard","meta":[],"categories":[11],"tags":[],"_links":{"self":[{"href":"https:\/\/willizblog.de\/index.php?rest_route=\/wp\/v2\/posts\/165"}],"collection":[{"href":"https:\/\/willizblog.de\/index.php?rest_route=\/wp\/v2\/posts"}],"about":[{"href":"https:\/\/willizblog.de\/index.php?rest_route=\/wp\/v2\/types\/post"}],"author":[{"embeddable":true,"href":"https:\/\/willizblog.de\/index.php?rest_route=\/wp\/v2\/users\/1"}],"replies":[{"embeddable":true,"href":"https:\/\/willizblog.de\/index.php?rest_route=%2Fwp%2Fv2%2Fcomments&post=165"}],"version-history":[{"count":0,"href":"https:\/\/willizblog.de\/index.php?rest_route=\/wp\/v2\/posts\/165\/revisions"}],"wp:attachment":[{"href":"https:\/\/willizblog.de\/index.php?rest_route=%2Fwp%2Fv2%2Fmedia&parent=165"}],"wp:term":[{"taxonomy":"category","embeddable":true,"href":"https:\/\/willizblog.de\/index.php?rest_route=%2Fwp%2Fv2%2Fcategories&post=165"},{"taxonomy":"post_tag","embeddable":true,"href":"https:\/\/willizblog.de\/index.php?rest_route=%2Fwp%2Fv2%2Ftags&post=165"}],"curies":[{"name":"wp","href":"https:\/\/api.w.org\/{rel}","templated":true}]}}