{"id":1662,"date":"2009-04-24T00:01:56","date_gmt":"2009-04-23T22:01:56","guid":{"rendered":"http:\/\/www.willizblog.de\/?p=1662"},"modified":"2009-04-23T12:13:58","modified_gmt":"2009-04-23T10:13:58","slug":"hanseatische-rivalitat","status":"publish","type":"post","link":"https:\/\/willizblog.de\/?p=1662","title":{"rendered":"Hanseatische Rivalit\u00e4t"},"content":{"rendered":"<p>Im <a href=\"https:\/\/www.willizblog.de\/?p=1637\" target=\"_blank\">Dauerduell HSV \u2013 Werder Bremen<\/a>, das die norddeutsche Fu\u00dfballwelt in diesem Tagen in Atem h\u00e4lt, ging Werder in Hamburg mit 1:0 in F\u00fchrung. Im DFB-Halbfinale siegten die Bremer am Mittwoch nach Elfmeterschie\u00dfen mit 4:2 (3:1), wobei Tim Wiese mit drei gehaltenen Elfmetern zum <a href=\"http:\/\/www.zdf.de\/ZDFmediathek\/content\/740570?inPopup=true\" target=\"_blank\">\u201aHeld des Abends\u2019<\/a> avancierte. An den beiden kommenden Donnerstagen geht es in UEFA-Cup-Halbfinale zwischen den beiden hanseatischen Mannschaften (erst in Bremen, dann im R\u00fcckspiel wieder in Hamburg) in die n\u00e4chsten Runden.<\/p>\n<p><a href=\"https:\/\/de.wikipedia.org\/wiki\/Bremen\" target=\"_blank\">Bremen<\/a> wie <a href=\"https:\/\/de.wikipedia.org\/wiki\/Hamburg\" target=\"_blank\">Hamburg<\/a> sind zwei alte <a href=\"https:\/\/de.wikipedia.org\/wiki\/Hansestadt\" target=\"_blank\">Hansest\u00e4dte<\/a>, zwischen denen eine ebenso alte Rivalit\u00e4t besteht. Bis heute gemeinsam ist beiden St\u00e4dten, dass sie Hafenst\u00e4dte sind, \u00fcber die ein Gro\u00dfteil der Im- und Exporte im Seeverkehr abgewickelt wird. Betrachten wir einmal die Wappen beider St\u00e4dte (Hamburg. wei\u00dfe Burg, u.a. mit einem Tor \u2013 Bremen: Schl\u00fcssel). Hamburg bezeichnet sich gern in diesem Zusammenhang als \u201eTor zur Welt\u201c. Die Bremer nun (mit dem Schl\u00fcssel im Wappen) antworten darauf gern: \u201eUnd Bremen hat den Schl\u00fcssel zu diesem Tor!\u201c.<\/p>\n<table border=\"0\" cellpadding=\"2\" cellspacing=\"0\" width=\"100%\">\n<tr>\n<td width=\"50%\">\n<p align=\"center\"><img loading=\"lazy\" border=\"0\" src=\"https:\/\/www.willizblog.de\/blogpicts\/wappen_bremen.jpg\" alt=\"Freie Hansestadt Bremen\" width=\"200\" height=\"211\"><\/td>\n<td width=\"50%\">\n<p align=\"center\"><img loading=\"lazy\" border=\"0\" src=\"https:\/\/www.willizblog.de\/blogpicts\/wappen_hamburg.jpg\" alt=\"Freie und Hansestadt Hamburg\" width=\"200\" height=\"208\"><\/td>\n<\/tr>\n<tr>\n<td width=\"50%\">\n<p align=\"center\"><font face=\"Lucida Grande, Lucida Sans Unicode, Verdana, sans-serif\" size=\"2\">Freie Hansestadt Bremen<\/font><\/td>\n<td width=\"50%\">\n<p align=\"center\"><font face=\"Lucida Grande, Lucida Sans Unicode, Verdana, sans-serif\" size=\"2\">Freie und Hansestadt Hamburg<\/font><\/td>\n<\/tr>\n<\/table>\n<p>Bremen stand nat\u00fcrlich aufgrund seiner Gr\u00f6\u00dfe immer im Schatten von Hamburg, nach Berlin die zweitgr\u00f6\u00dfte Stadt Deutschlands (Einwohnerzahlen: Hamburg rd. 1.773.000 &#8211; Bremen rd. 548.000, mit Bremerhaven rd. 662.000). Und wo Handel bl\u00fcht, wie in Hafenst\u00e4dten, es also um Geld geht, entsteht geradezu von sich aus Konkurrenz. Ein <a href=\"https:\/\/de.wikipedia.org\/wiki\/Pfeffersack\" target=\"_blank\">Pfeffersack<\/a> g\u00f6nnt meist den anderen nichts.<\/p>\n<p>Im Fu\u00dfball zu alten Oberliga-Nord-Zeiten war es dann auch nicht viel anders. Der <a href=\"https:\/\/de.wikipedia.org\/wiki\/Hamburger_SV\" target=\"_blank\">Hamburger SV<\/a> dominierte. Werder hatte das Nachsehen. Das sollte sich sp\u00e4testens mit Einf\u00fchrung der Bundesliga zur Saison 1963\/1964 \u00e4ndern. Bereits im zweiten Bundesliga-Jahr konnte <a href=\"https:\/\/de.wikipedia.org\/wiki\/Werder_Bremen\" target=\"_blank\">Werder Bremen<\/a> Deutscher Meister werden. Die folgende Jahre ging es dann hin und her. Mal waren die Hamburger das beste norddeutsche Team, dann wieder die Bremer. In den letzten Jahren aber war eindeutig die Mannschaft aus Bremen die bessere von beiden. So sitzt der Stachel tief im Fleisch eines HSV-Fans. W\u00e4hrend Werder Bremen die letzten Jahre immer wieder auch auf europ\u00e4ischen Spielfeldern auflief, konnte sich der HSV dort nur wenige Lorbeeren verdienen.<\/p>\n<p>In dieser Saison nun sah es so aus, also k\u00f6nnte der HSV endlich einmal wieder aus dem Schatten der Bremer hervortreten. Werder spielt zz. wohl die schlechteste Bundesliga-Saison seit 10 Jahren (immerhin gewann man 1999 den DFB-Pokal), w\u00e4hrend der HSV sich weiterhin Chancen auf die Meisterschaft ausrechnen darf. Im DFB- und UEFA-Pokal kreuzen sich nun sogar beider Wege.<\/p>\n<p>Allerdings zog der HSV im DFB-Pokal jetzt den K\u00fcrzeren. Die Brisanz, die aus der Rivalit\u00e4t beider Vereine erwachsen ist, bleibt bestehen: Wer von beiden erreicht das Endspiel im UEFA-Cup? Sollte Werder Bremen am Ende doch noch eine erfolgreiche Saison spielen (es winken ja immerhin noch zwei Pokale)? Sollte der HSV, der sich noch vor wenigen Tagen auf drei Hochzeiten erfolgreich bewegte, am Ende leer ausgehen (okay, wenigstens die Teilnahme am UEFA-Pokal in der n\u00e4chsten Saison sollte sicher sein)? Wir werden sehen.<\/p>\n<p><strong>\u00dcbrigens:<\/strong> Es gibt nicht nur diese Rivalit\u00e4ten zwischen Bremen und Hamburg. Auch innerhalb Hamburgs (\u00e4hnlich wie in M\u00fcnchen zwischen den Bayern und 1860 M\u00fcnchen) gibt es eine innige Feindschaft zwischen dem HSV und dem <a href=\"https:\/\/de.wikipedia.org\/wiki\/FC_St._Pauli\" target=\"_blank\">FC St. Pauli<\/a>. In den letzten Jahren gingen sich beide Teams beflissentlich aus dem Weg (St. Pauli, der einstige <a href=\"https:\/\/de.wikipedia.org\/wiki\/FC_St._Pauli#.E2.80.9EWeltpokalsiegerbesieger.E2.80.9C\" target=\"_blank\">Weltpokalsiegerbesieger<\/a>, krebst zz. in der 2. Bundesliga herum). Es kann dann aber schon einmal sein, dass man angesichts der \u00f6fteren Namens\u00e4nderungen des fr\u00fcheren Volksparkstadions (bis Mitte 2007 hie\u00df es AOL Arena, ab dann <a href=\"https:\/\/de.wikipedia.org\/wiki\/HSH_Nordbank_Arena\" target=\"_blank\">HSH Nordbank Arena<\/a>), in dem der HSV seine Heimspiele austr\u00e4gt, in St. Pauli-Kreisen vom Station an der MVA (M\u00fcllverbrennungsanlage) spricht. Und der bis heute beliebte und bekannte fr\u00fchere HSV-Spieler <a href=\"https:\/\/de.wikipedia.org\/wiki\/Uwe_Seeler\" target=\"_blank\">Uwe Seeler<\/a>, den man in der f\u00fcr ihn in Hamburg verbreiteten Bezeichnung \u201eUns Uwe\u201c (\u201eunser Uwe\u201c) kennt, ironisierend \u201eEuch Uwe\u201c nennt. Ansonsten erspart man sich Kommentare \u00fcber die jeweils andere Mannschaft und geht sich m\u00f6glichst aus dem Weg.<\/p>\n","protected":false},"excerpt":{"rendered":"<p>Im Dauerduell HSV \u2013 Werder Bremen, das die norddeutsche Fu\u00dfballwelt in diesem Tagen in Atem h\u00e4lt, ging Werder in Hamburg mit 1:0 in F\u00fchrung. Im DFB-Halbfinale siegten die Bremer am Mittwoch nach Elfmeterschie\u00dfen mit 4:2 (3:1), wobei Tim Wiese mit drei gehaltenen Elfmetern zum \u201aHeld des Abends\u2019 avancierte. An den beiden kommenden Donnerstagen geht es &hellip; <a href=\"https:\/\/willizblog.de\/?p=1662\" class=\"more-link\"><span class=\"screen-reader-text\">Hanseatische Rivalit\u00e4t<\/span> weiterlesen <span class=\"meta-nav\">&rarr;<\/span><\/a><\/p>\n","protected":false},"author":1,"featured_media":0,"comment_status":"open","ping_status":"closed","sticky":false,"template":"","format":"standard","meta":[],"categories":[27],"tags":[],"_links":{"self":[{"href":"https:\/\/willizblog.de\/index.php?rest_route=\/wp\/v2\/posts\/1662"}],"collection":[{"href":"https:\/\/willizblog.de\/index.php?rest_route=\/wp\/v2\/posts"}],"about":[{"href":"https:\/\/willizblog.de\/index.php?rest_route=\/wp\/v2\/types\/post"}],"author":[{"embeddable":true,"href":"https:\/\/willizblog.de\/index.php?rest_route=\/wp\/v2\/users\/1"}],"replies":[{"embeddable":true,"href":"https:\/\/willizblog.de\/index.php?rest_route=%2Fwp%2Fv2%2Fcomments&post=1662"}],"version-history":[{"count":0,"href":"https:\/\/willizblog.de\/index.php?rest_route=\/wp\/v2\/posts\/1662\/revisions"}],"wp:attachment":[{"href":"https:\/\/willizblog.de\/index.php?rest_route=%2Fwp%2Fv2%2Fmedia&parent=1662"}],"wp:term":[{"taxonomy":"category","embeddable":true,"href":"https:\/\/willizblog.de\/index.php?rest_route=%2Fwp%2Fv2%2Fcategories&post=1662"},{"taxonomy":"post_tag","embeddable":true,"href":"https:\/\/willizblog.de\/index.php?rest_route=%2Fwp%2Fv2%2Ftags&post=1662"}],"curies":[{"name":"wp","href":"https:\/\/api.w.org\/{rel}","templated":true}]}}