{"id":1666,"date":"2009-04-26T00:05:20","date_gmt":"2009-04-25T22:05:20","guid":{"rendered":"http:\/\/www.willizblog.de\/?p=1666"},"modified":"2009-04-25T17:06:23","modified_gmt":"2009-04-25T15:06:23","slug":"blumenpracht-teil-23","status":"publish","type":"post","link":"https:\/\/willizblog.de\/?p=1666","title":{"rendered":"Blumenpracht Teil 23"},"content":{"rendered":"<p>Ein sonniger April geht dem Ende entgegen. An den letzten April-Tagen k\u00fcndigt sich leichter Regen an. Die Natur hat diesen Regen bitter n\u00f6tig. Alles im Garten ist trocken und lechzt nach Feuchtigkeit.<\/p>\n<p>Ein sch\u00f6ner April verhei\u00dft meist keinen sonnigen Sommer. Aber noch sieht es so aus, aus k\u00f6nnte auch der Mai weitere Sonnentage bringen. Hoffen wir das Beste.<\/p>\n<table border=\"0\" cellpadding=\"5\" cellspacing=\"0\" width=\"100%\">\n<tr>\n<td width=\"50%\">\n<p align=\"center\"><img loading=\"lazy\" border=\"0\" src=\"https:\/\/www.willizblog.de\/blogpicts\/blumen2009_04_21.jpg\" alt=\"Blumenpracht in AlbinZ Garten April 2009\" width=\"270\" height=\"203\"><\/td>\n<td width=\"50%\">\n<p align=\"center\"><img loading=\"lazy\" border=\"0\" src=\"https:\/\/www.willizblog.de\/blogpicts\/blumen2009_04_22.jpg\" alt=\"Blumenpracht in AlbinZ Garten April 2009\" width=\"270\" height=\"203\"><\/td>\n<\/tr>\n<tr>\n<td width=\"50%\" colspan=\"2\">\n<p align=\"center\"><font face=\"Lucida Grande, Lucida Sans Unicode, Verdana, sans-serif\" size=\"2\">&#8218;Stiefm\u00fctterchen&#8216; &#8211; Blumenpracht in AlbinZ Garten &#8211; April 2009<\/font><\/td>\n<\/tr>\n<tr>\n<td width=\"50%\">\n<p align=\"center\"><img loading=\"lazy\" border=\"0\" src=\"https:\/\/www.willizblog.de\/blogpicts\/blumen2009_04_23.jpg\" alt=\"Blumenpracht in AlbinZ Garten April 2009\" width=\"270\" height=\"203\"><\/td>\n<td width=\"50%\">\n<p align=\"center\"><img loading=\"lazy\" border=\"0\" src=\"https:\/\/www.willizblog.de\/blogpicts\/blumen2009_04_24.jpg\" alt=\"Blumenpracht in AlbinZ Garten April 2009\" width=\"270\" height=\"203\"><\/td>\n<\/tr>\n<tr>\n<td width=\"100%\" colspan=\"2\">\n<p align=\"center\"><img loading=\"lazy\" border=\"0\" src=\"https:\/\/www.willizblog.de\/blogpicts\/blumen2009_04_25.jpg\" alt=\"Blumenpracht in AlbinZ Garten April 2009\" width=\"270\" height=\"203\"><\/td>\n<\/tr>\n<\/table>\n","protected":false},"excerpt":{"rendered":"<p>Ein sonniger April geht dem Ende entgegen. An den letzten April-Tagen k\u00fcndigt sich leichter Regen an. Die Natur hat diesen Regen bitter n\u00f6tig. Alles im Garten ist trocken und lechzt nach Feuchtigkeit. Ein sch\u00f6ner April verhei\u00dft meist keinen sonnigen Sommer. Aber noch sieht es so aus, aus k\u00f6nnte auch der Mai weitere Sonnentage bringen. Hoffen &hellip; <a href=\"https:\/\/willizblog.de\/?p=1666\" class=\"more-link\"><span class=\"screen-reader-text\">Blumenpracht Teil 23<\/span> weiterlesen <span class=\"meta-nav\">&rarr;<\/span><\/a><\/p>\n","protected":false},"author":1,"featured_media":0,"comment_status":"open","ping_status":"closed","sticky":false,"template":"","format":"standard","meta":[],"categories":[16],"tags":[],"_links":{"self":[{"href":"https:\/\/willizblog.de\/index.php?rest_route=\/wp\/v2\/posts\/1666"}],"collection":[{"href":"https:\/\/willizblog.de\/index.php?rest_route=\/wp\/v2\/posts"}],"about":[{"href":"https:\/\/willizblog.de\/index.php?rest_route=\/wp\/v2\/types\/post"}],"author":[{"embeddable":true,"href":"https:\/\/willizblog.de\/index.php?rest_route=\/wp\/v2\/users\/1"}],"replies":[{"embeddable":true,"href":"https:\/\/willizblog.de\/index.php?rest_route=%2Fwp%2Fv2%2Fcomments&post=1666"}],"version-history":[{"count":0,"href":"https:\/\/willizblog.de\/index.php?rest_route=\/wp\/v2\/posts\/1666\/revisions"}],"wp:attachment":[{"href":"https:\/\/willizblog.de\/index.php?rest_route=%2Fwp%2Fv2%2Fmedia&parent=1666"}],"wp:term":[{"taxonomy":"category","embeddable":true,"href":"https:\/\/willizblog.de\/index.php?rest_route=%2Fwp%2Fv2%2Fcategories&post=1666"},{"taxonomy":"post_tag","embeddable":true,"href":"https:\/\/willizblog.de\/index.php?rest_route=%2Fwp%2Fv2%2Ftags&post=1666"}],"curies":[{"name":"wp","href":"https:\/\/api.w.org\/{rel}","templated":true}]}}