{"id":17,"date":"2005-02-09T10:09:54","date_gmt":"2005-02-09T09:09:54","guid":{"rendered":"http:\/\/www.albinz.de\/blog\/?p=17"},"modified":"2005-10-20T11:54:56","modified_gmt":"2005-10-20T09:54:56","slug":"der-31-januar-steigerung-des-ertragwickels","status":"publish","type":"post","link":"https:\/\/willizblog.de\/?p=17","title":{"rendered":"Der 31. Januar: Steigerung des Ertragswickels"},"content":{"rendered":"<p>Nachdem der Vorschlag, den Tag der deutschen Dreieinigkeit (oder hei\u00dft es Dreieinf\u00e4ltigkeit?) grunds\u00e4tzlich auf das Wochenende zu verlagern, auf Eis gelegt ist, m\u00f6chte ich eine weitaus viel versprechendere Initiative begr\u00fcnden: die Einf\u00fchrung eines 29. (nicht nur in den Schaltjahren), 30. und 31. Januar! Belie\u00dfe man es bei den normalen 24 Stunden a 60 Minuten am Tag, so w\u00fcrde sich zwar im Laufe der Jahre die Jahreszeit verschieben (mit dem Ende des 1. Jahres der Einf\u00fchrung fiele der 31.12. dann nach altem Kalender auf den 3.1.), aber bei der anhaltenden globalen Erw\u00e4rmung spielt das kaum eine Rolle, da der Unterschied zwischen Sommer und Winter immer geringer wird. Aber man k\u00f6nnte den Tag auch um die entsprechende Zeit k\u00fcrzen, um nach Ablauf der 365 plus 3 neuen Tage auf die nach altem Kalender 365 z\u00e4hlende Tage zu kommen. Dann w\u00e4re der Tag in etwa nur noch 23 Stunden und 48 1\/4 Minuten lang. Nat\u00fcrlich erg\u00e4ben sich dann tageszeitliche Verschiebungen. Da aber &#8211; die wenigen Ausnahmen nicht gerechnet &#8211; die meisten Menschen sowieso bei  Kunstlicht arbeiten, w\u00e4re das durchaus zu vertreten.<\/p>\n<p>Durch die drei zus\u00e4tzlichen Arbeitstage erreichte man eine Produktivsteigerung von knapp 1,5 %. Eine weitere Steigerung w\u00e4re durch die dann ohnehin sinnvolle Dezimalisierung des Zeitsystems zu erreichen. Statt 24 Stunden h\u00e4tte der Tag dann nur noch 20 Stunden a 100 Minuten (wobei unter Ber\u00fccksichtigung der Verk\u00fcrzung des Tages auf 23 Stunden und 48 1\/4 Minuten eine Neuminute nur noch etwa 0,714 alte Minuten lang w\u00e4re). Und statt 8 Altstunden w\u00e4ren dann z.B. nur 7 Neustunden zu arbeiten pro Tag, was aber insgesamt l\u00e4nger ist. Immerhin ist der psychologische Effekt (&#8222;Ich brauche ja nur noch 7 Stunden zu arbeiten!&#8220;) nicht zu \u00fcbersehen. Weitere knapp 0,5 % Renditesteigerung aus dem Humankapital sind so m\u00f6glich, eine Steigerung des Ertragswickels &#8230;!?<\/p>\n","protected":false},"excerpt":{"rendered":"<p>Nachdem der Vorschlag, den Tag der deutschen Dreieinigkeit (oder hei\u00dft es Dreieinf\u00e4ltigkeit?) grunds\u00e4tzlich auf das Wochenende zu verlagern, auf Eis gelegt ist, m\u00f6chte ich eine weitaus viel versprechendere Initiative begr\u00fcnden: die Einf\u00fchrung eines 29. (nicht nur in den Schaltjahren), 30. und 31. Januar! Belie\u00dfe man es bei den normalen 24 Stunden a 60 Minuten am &hellip; <a href=\"https:\/\/willizblog.de\/?p=17\" class=\"more-link\"><span class=\"screen-reader-text\">Der 31. Januar: Steigerung des Ertragswickels<\/span> weiterlesen <span class=\"meta-nav\">&rarr;<\/span><\/a><\/p>\n","protected":false},"author":1,"featured_media":0,"comment_status":"closed","ping_status":"closed","sticky":false,"template":"","format":"standard","meta":[],"categories":[2],"tags":[],"_links":{"self":[{"href":"https:\/\/willizblog.de\/index.php?rest_route=\/wp\/v2\/posts\/17"}],"collection":[{"href":"https:\/\/willizblog.de\/index.php?rest_route=\/wp\/v2\/posts"}],"about":[{"href":"https:\/\/willizblog.de\/index.php?rest_route=\/wp\/v2\/types\/post"}],"author":[{"embeddable":true,"href":"https:\/\/willizblog.de\/index.php?rest_route=\/wp\/v2\/users\/1"}],"replies":[{"embeddable":true,"href":"https:\/\/willizblog.de\/index.php?rest_route=%2Fwp%2Fv2%2Fcomments&post=17"}],"version-history":[{"count":0,"href":"https:\/\/willizblog.de\/index.php?rest_route=\/wp\/v2\/posts\/17\/revisions"}],"wp:attachment":[{"href":"https:\/\/willizblog.de\/index.php?rest_route=%2Fwp%2Fv2%2Fmedia&parent=17"}],"wp:term":[{"taxonomy":"category","embeddable":true,"href":"https:\/\/willizblog.de\/index.php?rest_route=%2Fwp%2Fv2%2Fcategories&post=17"},{"taxonomy":"post_tag","embeddable":true,"href":"https:\/\/willizblog.de\/index.php?rest_route=%2Fwp%2Fv2%2Ftags&post=17"}],"curies":[{"name":"wp","href":"https:\/\/api.w.org\/{rel}","templated":true}]}}